{"id":7795,"date":"2026-04-27T18:46:07","date_gmt":"2026-04-27T16:46:07","guid":{"rendered":"https:\/\/www.glomeda.org\/?p=7795"},"modified":"2026-04-27T20:29:09","modified_gmt":"2026-04-27T18:29:09","slug":"25-aprile-contro-la-guerra-partigiani-e-disertori","status":"publish","type":"post","link":"https:\/\/www.glomeda.org\/index.php\/2026\/04\/27\/25-aprile-contro-la-guerra-partigiani-e-disertori\/","title":{"rendered":"25 aprile. Contro la guerra, partigiani e disertori"},"content":{"rendered":"\n<p><strong><em>Le iniziative militanti nelle Marche nell&#8217;81\u00b0 Festa della Liberazione<\/em><\/strong><\/p>\n\n\n\n<p><em>&#8220;Il 25 aprile, la Liberazione d\u2019Italia dal nazi-fascismo, per noi non \u00e8 mai stata una celebrazione vuota, un esercizio di memoria una volta l\u2019anno. Il senso profondo e vero di questa giornata vive nella capacit\u00e0 di tenere insieme la Resistenza di ieri con le lotte di oggi.&#8221;<\/em><\/p>\n\n\n\n<p><strong>Una giornata densa di appuntamenti militanti<\/strong> nelle Marche, quella dell&#8217;81esimo anniversario della Liberazione d&#8217;Italia dal nazifascismo. Fin dal mattino <strong>momenti di ricordo collettivo<\/strong> dei combattenti partigiani: a <strong>Pergola<\/strong>, <em>Squola Spa<\/em> ha preso parte prima alle celebrazioni ufficiali in piazza IV Novembre e poi recandosi autonomamente in piazzale Marko Petrovic e Carlo Giuliani, davanti al cippo in onore del partigiano jugoslavo della &#8216;Metaurense&#8217;. Lo <em>Spazio Autogestito Arvultura<\/em> e <em>Senigallia Antifascista<\/em> si sono ritrovati in localit\u00e0 San Silvestro, <strong>Senigallia<\/strong> presso la lapide che omaggia Aldo Camoranesi della Brigata Gap di Ancona, dietro allo striscione<em> &#8220;Il 25 aprile \u00e8 la festa della Liberazione ma non per questa amministrazione&#8221;<\/em>, contestando la giunta comunale.<\/p>\n\n\n\n<figure class=\"wp-block-gallery has-nested-images columns-default is-cropped wp-block-gallery-1 is-layout-flex wp-block-gallery-is-layout-flex\">\n<figure class=\"wp-block-image size-large\"><img loading=\"lazy\" decoding=\"async\" width=\"1024\" height=\"768\" data-id=\"7805\" src=\"https:\/\/www.glomeda.org\/wp-content\/uploads\/2026\/04\/photo_6010406272756288408_y-1024x768.jpg\" alt=\"\" class=\"wp-image-7805\" srcset=\"https:\/\/www.glomeda.org\/wp-content\/uploads\/2026\/04\/photo_6010406272756288408_y-1024x768.jpg 1024w, https:\/\/www.glomeda.org\/wp-content\/uploads\/2026\/04\/photo_6010406272756288408_y-800x600.jpg 800w, https:\/\/www.glomeda.org\/wp-content\/uploads\/2026\/04\/photo_6010406272756288408_y-150x113.jpg 150w, https:\/\/www.glomeda.org\/wp-content\/uploads\/2026\/04\/photo_6010406272756288408_y-768x576.jpg 768w, https:\/\/www.glomeda.org\/wp-content\/uploads\/2026\/04\/photo_6010406272756288408_y.jpg 1280w\" sizes=\"auto, (max-width: 1024px) 100vw, 1024px\" \/><\/figure>\n\n\n\n<figure class=\"wp-block-image size-large\"><img loading=\"lazy\" decoding=\"async\" width=\"1024\" height=\"768\" data-id=\"7803\" src=\"https:\/\/www.glomeda.org\/wp-content\/uploads\/2026\/04\/photo_6010406272756288409_y-1024x768.jpg\" alt=\"\" class=\"wp-image-7803\" srcset=\"https:\/\/www.glomeda.org\/wp-content\/uploads\/2026\/04\/photo_6010406272756288409_y-1024x768.jpg 1024w, https:\/\/www.glomeda.org\/wp-content\/uploads\/2026\/04\/photo_6010406272756288409_y-800x600.jpg 800w, https:\/\/www.glomeda.org\/wp-content\/uploads\/2026\/04\/photo_6010406272756288409_y-150x113.jpg 150w, https:\/\/www.glomeda.org\/wp-content\/uploads\/2026\/04\/photo_6010406272756288409_y-768x576.jpg 768w, https:\/\/www.glomeda.org\/wp-content\/uploads\/2026\/04\/photo_6010406272756288409_y.jpg 1280w\" sizes=\"auto, (max-width: 1024px) 100vw, 1024px\" \/><\/figure>\n\n\n\n<figure class=\"wp-block-image size-large\"><img loading=\"lazy\" decoding=\"async\" width=\"1024\" height=\"461\" data-id=\"7811\" src=\"https:\/\/www.glomeda.org\/wp-content\/uploads\/2026\/04\/WhatsApp-Image-2026-04-25-at-09.04.59-1-1-1024x461.jpeg\" alt=\"\" class=\"wp-image-7811\" srcset=\"https:\/\/www.glomeda.org\/wp-content\/uploads\/2026\/04\/WhatsApp-Image-2026-04-25-at-09.04.59-1-1-1024x461.jpeg 1024w, https:\/\/www.glomeda.org\/wp-content\/uploads\/2026\/04\/WhatsApp-Image-2026-04-25-at-09.04.59-1-1-800x360.jpeg 800w, https:\/\/www.glomeda.org\/wp-content\/uploads\/2026\/04\/WhatsApp-Image-2026-04-25-at-09.04.59-1-1-150x68.jpeg 150w, https:\/\/www.glomeda.org\/wp-content\/uploads\/2026\/04\/WhatsApp-Image-2026-04-25-at-09.04.59-1-1-768x346.jpeg 768w, https:\/\/www.glomeda.org\/wp-content\/uploads\/2026\/04\/WhatsApp-Image-2026-04-25-at-09.04.59-1-1-1536x691.jpeg 1536w, https:\/\/www.glomeda.org\/wp-content\/uploads\/2026\/04\/WhatsApp-Image-2026-04-25-at-09.04.59-1-1.jpeg 2000w\" sizes=\"auto, (max-width: 1024px) 100vw, 1024px\" \/><\/figure>\n<\/figure>\n\n\n\n<p>A <strong>Civitanova Marche<\/strong> l&#8217;<em>Officina Popolare Jolly Roger<\/em> ha convocato la commemorazione al cimitero comunale; oltre ai fazzoletti rossi, bandiere della Palestina e un drappo <em>&#8220;Palestina libera&#8221;<\/em>, a ribadire come quei <strong>valori di libert\u00e0 e autodeterminazione<\/strong> vivano oggi nelle <strong>esperienze di resistenza in Asia occidentale<\/strong>. <br><em>&#8220;Contro guerre e genocidi, Partigiani e Disertori&#8221;<\/em>, questo recita lo striscione che ha aperto la <strong>passeggiata resistente<\/strong> fino al memoriale per il disertore e partigiano Umberto Cerretani, organizzata dal <em>Csa Officina Trenino<\/em> a Porto San Giorgio.<\/p>\n\n\n\n<p><em>&#8220;Resistenza \u00e8 stata anche rifiuto di obbedire. Oggi quella memoria \u00e8 attuale: di fronte a guerre che non ci appartengono, la diserzione \u00e8 una scelta politica. Oggi la guerra non \u00e8 pi\u00f9 \u201calle porte\u201d, \u00e8 gi\u00e0 dentro le nostre vite. Mentre il mondo assiste al genocidio in Palestina e alle bombe Israeliane e Usa contro Libano e Iran, anche le nostre citt\u00e0 diventano ingranaggi di un\u2019economia di guerra, sacrificando territori e comunit\u00e0 agli interessi dell\u2019industria bellica e alle speculazioni legate all\u2019industria del fossile. <br>Eppure, proprio come allora, c\u2019\u00e8 chi diserta la propaganda di guerra e prova a inceppare i meccanismi attraverso la costruzione di conflitti sociali capaci di spezzare il fragile consenso governativo e l\u2019immobilismo delle opposizioni. <\/em><br><em>La Resistenza continua ogni volta che scegliamo di non essere complici&#8221;.<\/em><\/p>\n\n\n\n<figure class=\"wp-block-gallery has-nested-images columns-default is-cropped wp-block-gallery-2 is-layout-flex wp-block-gallery-is-layout-flex\">\n<figure class=\"wp-block-image size-large\"><img loading=\"lazy\" decoding=\"async\" width=\"1024\" height=\"766\" data-id=\"7815\" src=\"https:\/\/www.glomeda.org\/wp-content\/uploads\/2026\/04\/photo_6010095372958632982_y-1024x766.jpg\" alt=\"\" class=\"wp-image-7815\" srcset=\"https:\/\/www.glomeda.org\/wp-content\/uploads\/2026\/04\/photo_6010095372958632982_y-1024x766.jpg 1024w, https:\/\/www.glomeda.org\/wp-content\/uploads\/2026\/04\/photo_6010095372958632982_y-800x598.jpg 800w, https:\/\/www.glomeda.org\/wp-content\/uploads\/2026\/04\/photo_6010095372958632982_y-150x112.jpg 150w, https:\/\/www.glomeda.org\/wp-content\/uploads\/2026\/04\/photo_6010095372958632982_y-768x574.jpg 768w, https:\/\/www.glomeda.org\/wp-content\/uploads\/2026\/04\/photo_6010095372958632982_y.jpg 1280w\" sizes=\"auto, (max-width: 1024px) 100vw, 1024px\" \/><\/figure>\n\n\n\n<figure class=\"wp-block-image size-large\"><img loading=\"lazy\" decoding=\"async\" width=\"1024\" height=\"768\" data-id=\"7816\" src=\"https:\/\/www.glomeda.org\/wp-content\/uploads\/2026\/04\/WhatsApp-Image-2026-04-25-at-11.32.56-1024x768.jpeg\" alt=\"\" class=\"wp-image-7816\" srcset=\"https:\/\/www.glomeda.org\/wp-content\/uploads\/2026\/04\/WhatsApp-Image-2026-04-25-at-11.32.56-1024x768.jpeg 1024w, https:\/\/www.glomeda.org\/wp-content\/uploads\/2026\/04\/WhatsApp-Image-2026-04-25-at-11.32.56-800x600.jpeg 800w, https:\/\/www.glomeda.org\/wp-content\/uploads\/2026\/04\/WhatsApp-Image-2026-04-25-at-11.32.56-150x113.jpeg 150w, https:\/\/www.glomeda.org\/wp-content\/uploads\/2026\/04\/WhatsApp-Image-2026-04-25-at-11.32.56-768x576.jpeg 768w, https:\/\/www.glomeda.org\/wp-content\/uploads\/2026\/04\/WhatsApp-Image-2026-04-25-at-11.32.56-1536x1152.jpeg 1536w, https:\/\/www.glomeda.org\/wp-content\/uploads\/2026\/04\/WhatsApp-Image-2026-04-25-at-11.32.56.jpeg 1600w\" sizes=\"auto, (max-width: 1024px) 100vw, 1024px\" \/><\/figure>\n\n\n\n<figure class=\"wp-block-image size-large\"><img loading=\"lazy\" decoding=\"async\" width=\"1024\" height=\"766\" data-id=\"7814\" src=\"https:\/\/www.glomeda.org\/wp-content\/uploads\/2026\/04\/photo_6010522717909618014_y-1024x766.jpg\" alt=\"\" class=\"wp-image-7814\" srcset=\"https:\/\/www.glomeda.org\/wp-content\/uploads\/2026\/04\/photo_6010522717909618014_y-1024x766.jpg 1024w, https:\/\/www.glomeda.org\/wp-content\/uploads\/2026\/04\/photo_6010522717909618014_y-800x598.jpg 800w, https:\/\/www.glomeda.org\/wp-content\/uploads\/2026\/04\/photo_6010522717909618014_y-150x112.jpg 150w, https:\/\/www.glomeda.org\/wp-content\/uploads\/2026\/04\/photo_6010522717909618014_y-768x574.jpg 768w, https:\/\/www.glomeda.org\/wp-content\/uploads\/2026\/04\/photo_6010522717909618014_y.jpg 1280w\" sizes=\"auto, (max-width: 1024px) 100vw, 1024px\" \/><\/figure>\n<\/figure>\n\n\n\n<p>Le strade di <strong>Fano<\/strong> si sono riempite di centinaia e centinaia di persone, tutte riunite dietro allo striscione <em>&#8220;Fano \u00e8 Partigiana! Contro guerra e riarmo&#8221;<\/em>. Sotto al comune, punto di partenza del corteo, <strong>la parte istituzionale<\/strong>, dai numeri miseri e che da sempre vive la giornata come un momento dovuto da far durare il meno possibile, <strong>ha tentato di schierare la polizia<\/strong> per tenere alla larga il corteo vero, lo spezzone sociale fatto di uomini e donne, studenti e studentesse: <strong>tentativo andato a vuoto<\/strong>. <br>Dopo i primi interventi il collettivo femminista <em>Sisters on the block<\/em> <strong>ha distrutto degli elmetti militari <\/strong>comunicando un messaggio chiaro: <em>&#8220;odia le guerre ama le lotte!&#8221;<\/em><br><br>Il percorso, seppur breve, \u00e8 stato animato da interventi e cori, carico di contenuti e azioni simboliche come quando tutte e tutti <strong>hanno stracciato le cartoline precetto per la leva militare<\/strong> al grido <em>&#8220;disertiamo le vostre guerre&#8221;<\/em>, su iniziativa degli <em>Studenti Autorganizzati Marche<\/em>. La conclusione al monumento ai caduti della Resistenza, senza proseguire fino a quello in memoria delle vittime di tutte le guerre, rifiutando ogni velleit\u00e0 di equiparazione. <br>Qui c&#8217;\u00e8 stato l&#8217;incontro e <strong>l&#8217;abbraccio simbolico con il partigiano di 104 anni Giacomo Serrani <\/strong>a sancire quel filo rosso che lega le lotte per la Liberazione di ieri a quelle di oggi.<\/p>\n\n\n\n<p><em>&#8220;La diserzione delle centinaia di migliaia di giovani e giovanissimi, che dopo l\u20198 settembre rifiutarono la guerra e scelsero la lotta partigiana vive nel rifiuto delle guerre e del genocidio di oggi. <br>Il sacrificio di chi ha rischiato tutto per la Libert\u00e0 ieri, vive nella determinazione di chi sa che solo con le lotte possiamo fermare le guerre imperialiste di oggi. Lo spirito di chi ha scelto di schierarsi ieri, vive nella scelta, ferma e risoluta, di chi decide di disobbedire alla propaganda di guerra e di sabotare i suoi ingranaggi oggi. <\/em><br><em>La decisione di prendere le armi ieri per liberarsi vive nella consapevolezza che solo il conflitto e la mobilitazione sociale possono liberarci oggi.&#8221;<\/em><\/p>\n\n\n\n<figure class=\"wp-block-gallery has-nested-images columns-default is-cropped wp-block-gallery-3 is-layout-flex wp-block-gallery-is-layout-flex\">\n<figure class=\"wp-block-image size-large\"><img loading=\"lazy\" decoding=\"async\" width=\"1024\" height=\"768\" data-id=\"7820\" src=\"https:\/\/www.glomeda.org\/wp-content\/uploads\/2026\/04\/IMG20260425104127-1024x768.jpg\" alt=\"\" class=\"wp-image-7820\" srcset=\"https:\/\/www.glomeda.org\/wp-content\/uploads\/2026\/04\/IMG20260425104127-1024x768.jpg 1024w, https:\/\/www.glomeda.org\/wp-content\/uploads\/2026\/04\/IMG20260425104127-800x600.jpg 800w, https:\/\/www.glomeda.org\/wp-content\/uploads\/2026\/04\/IMG20260425104127-150x113.jpg 150w, https:\/\/www.glomeda.org\/wp-content\/uploads\/2026\/04\/IMG20260425104127-768x576.jpg 768w, https:\/\/www.glomeda.org\/wp-content\/uploads\/2026\/04\/IMG20260425104127-1536x1152.jpg 1536w, https:\/\/www.glomeda.org\/wp-content\/uploads\/2026\/04\/IMG20260425104127-2048x1536.jpg 2048w\" sizes=\"auto, (max-width: 1024px) 100vw, 1024px\" \/><\/figure>\n\n\n\n<figure class=\"wp-block-image size-large\"><img loading=\"lazy\" decoding=\"async\" width=\"1024\" height=\"768\" data-id=\"7819\" src=\"https:\/\/www.glomeda.org\/wp-content\/uploads\/2026\/04\/IMG20260425103528-1024x768.jpg\" alt=\"\" class=\"wp-image-7819\" srcset=\"https:\/\/www.glomeda.org\/wp-content\/uploads\/2026\/04\/IMG20260425103528-1024x768.jpg 1024w, https:\/\/www.glomeda.org\/wp-content\/uploads\/2026\/04\/IMG20260425103528-800x600.jpg 800w, https:\/\/www.glomeda.org\/wp-content\/uploads\/2026\/04\/IMG20260425103528-150x113.jpg 150w, https:\/\/www.glomeda.org\/wp-content\/uploads\/2026\/04\/IMG20260425103528-768x576.jpg 768w, https:\/\/www.glomeda.org\/wp-content\/uploads\/2026\/04\/IMG20260425103528-1536x1152.jpg 1536w, https:\/\/www.glomeda.org\/wp-content\/uploads\/2026\/04\/IMG20260425103528-2048x1536.jpg 2048w\" sizes=\"auto, (max-width: 1024px) 100vw, 1024px\" \/><\/figure>\n\n\n\n<figure class=\"wp-block-image size-large\"><img loading=\"lazy\" decoding=\"async\" width=\"1024\" height=\"768\" data-id=\"7821\" src=\"https:\/\/www.glomeda.org\/wp-content\/uploads\/2026\/04\/IMG20260425104500-1024x768.jpg\" alt=\"\" class=\"wp-image-7821\" srcset=\"https:\/\/www.glomeda.org\/wp-content\/uploads\/2026\/04\/IMG20260425104500-1024x768.jpg 1024w, https:\/\/www.glomeda.org\/wp-content\/uploads\/2026\/04\/IMG20260425104500-800x600.jpg 800w, https:\/\/www.glomeda.org\/wp-content\/uploads\/2026\/04\/IMG20260425104500-150x113.jpg 150w, https:\/\/www.glomeda.org\/wp-content\/uploads\/2026\/04\/IMG20260425104500-768x576.jpg 768w, https:\/\/www.glomeda.org\/wp-content\/uploads\/2026\/04\/IMG20260425104500-1536x1152.jpg 1536w, https:\/\/www.glomeda.org\/wp-content\/uploads\/2026\/04\/IMG20260425104500-2048x1536.jpg 2048w\" sizes=\"auto, (max-width: 1024px) 100vw, 1024px\" \/><\/figure>\n<\/figure>\n\n\n\n<p>A <strong>Pesaro<\/strong> un <strong>corteo resistente<\/strong> organizzato dai collettivi antifascisti della citt\u00e0 <em>&#8220;contro fascismo e imperialismo&#8221;<\/em>, partecipazioni sociali ai cortei cittadini a <strong>Fabriano<\/strong>, con il <em>Laboratorio Sociale Fabbri<\/em>, e a<strong> Jesi<\/strong>, dietro lo striscione dello <em>Spazio Comune Autogestito Tnt &#8220;Contro guerre e genocidi Noi non ci arruoliamo&#8221;<\/em>.<\/p>\n\n\n\n<p>Nel pomeriggio a <strong>Falconara Marittima<\/strong> l&#8217;ormai tradizionale appuntamento di cultura popolare alternativa e antifascista, il <em>FalKatraz Festival<\/em>, giunto alla sua diciannovesima edizione. <br>Un gran concerto di giovani band emergenti del territorio, laboratori della falegnamoteca, banchetti artigiani, graffiti a cura della <em>Jassart<\/em> sulla <em>&#8220;murata che resiste&#8221;<\/em>, interventi di <em>MusicaEmotiva<\/em>, dell&#8217;associazione<em> Ipazia<\/em>, di <em>Fermiamoildisastroambientale<\/em>.<\/p>\n\n\n\n<p><em>&#8220;Non sappiamo se alla vigilia della ripartenza della Flotilla la storia si ripeter\u00e0, se saremo ancora in grado di bloccare tutto. Sappiamo che non possiamo restare indifferenti, complici, e che la nostra resistenza inizia per\u00f2 da qua, dai nostri territori, nel nostro quotidiano, nelle lotte del presente che noi vogliamo ispirate a quelle del passato. <\/em><br><em>Perch\u00e8 oggi essere solidali con Gaza significa andare oltre il pur giusto sostegno alle iniziative umanitarie di la, significa fare qualcosa di molto pratico e concreto di qua: \u00e8 tempo di ricomporre le mobilitazioni contro la crisi climatica, a difesa dei territori, e contro l\u2019economia di guerra, a partire dai nodi pi\u00f9 specifici e concreti, e dalle rivendicazioni pi\u00f9 urgenti e materiali.<\/em> <em>Essere partigiani. Parteggiare. Non complici, ognuno come pu\u00f2 e secondo le sue forze e possibilit\u00e0 pu\u00f2 opporsi, resistere, ribellarsi, rifiutarsi di essere complice\u2026 come ci diceva Wilfredo Caimmi.&#8221; <\/em><\/p>\n\n\n\n<figure class=\"wp-block-gallery has-nested-images columns-default is-cropped wp-block-gallery-4 is-layout-flex wp-block-gallery-is-layout-flex\">\n<figure class=\"wp-block-image size-large\"><img loading=\"lazy\" decoding=\"async\" width=\"1024\" height=\"705\" data-id=\"7823\" src=\"https:\/\/www.glomeda.org\/wp-content\/uploads\/2026\/04\/photo_6007847279701724508_y-1024x705.jpg\" alt=\"\" class=\"wp-image-7823\" srcset=\"https:\/\/www.glomeda.org\/wp-content\/uploads\/2026\/04\/photo_6007847279701724508_y-1024x705.jpg 1024w, https:\/\/www.glomeda.org\/wp-content\/uploads\/2026\/04\/photo_6007847279701724508_y-800x550.jpg 800w, https:\/\/www.glomeda.org\/wp-content\/uploads\/2026\/04\/photo_6007847279701724508_y-150x103.jpg 150w, https:\/\/www.glomeda.org\/wp-content\/uploads\/2026\/04\/photo_6007847279701724508_y-768x528.jpg 768w, https:\/\/www.glomeda.org\/wp-content\/uploads\/2026\/04\/photo_6007847279701724508_y-130x90.jpg 130w, https:\/\/www.glomeda.org\/wp-content\/uploads\/2026\/04\/photo_6007847279701724508_y.jpg 1045w\" sizes=\"auto, (max-width: 1024px) 100vw, 1024px\" \/><\/figure>\n\n\n\n<figure class=\"wp-block-image size-large\"><img loading=\"lazy\" decoding=\"async\" width=\"1024\" height=\"768\" data-id=\"7825\" src=\"https:\/\/www.glomeda.org\/wp-content\/uploads\/2026\/04\/e14b70c7-5fed-4be9-8969-9dc8f937e053-1024x768.jpg\" alt=\"\" class=\"wp-image-7825\" srcset=\"https:\/\/www.glomeda.org\/wp-content\/uploads\/2026\/04\/e14b70c7-5fed-4be9-8969-9dc8f937e053-1024x768.jpg 1024w, https:\/\/www.glomeda.org\/wp-content\/uploads\/2026\/04\/e14b70c7-5fed-4be9-8969-9dc8f937e053-800x600.jpg 800w, https:\/\/www.glomeda.org\/wp-content\/uploads\/2026\/04\/e14b70c7-5fed-4be9-8969-9dc8f937e053-150x113.jpg 150w, https:\/\/www.glomeda.org\/wp-content\/uploads\/2026\/04\/e14b70c7-5fed-4be9-8969-9dc8f937e053-768x576.jpg 768w, https:\/\/www.glomeda.org\/wp-content\/uploads\/2026\/04\/e14b70c7-5fed-4be9-8969-9dc8f937e053-1536x1152.jpg 1536w, https:\/\/www.glomeda.org\/wp-content\/uploads\/2026\/04\/e14b70c7-5fed-4be9-8969-9dc8f937e053.jpg 2040w\" sizes=\"auto, (max-width: 1024px) 100vw, 1024px\" \/><\/figure>\n\n\n\n<figure class=\"wp-block-image size-large\"><img loading=\"lazy\" decoding=\"async\" width=\"1024\" height=\"678\" data-id=\"7822\" src=\"https:\/\/www.glomeda.org\/wp-content\/uploads\/2026\/04\/photo_6012828256354110567_y-1024x678.jpg\" alt=\"\" class=\"wp-image-7822\" srcset=\"https:\/\/www.glomeda.org\/wp-content\/uploads\/2026\/04\/photo_6012828256354110567_y-1024x678.jpg 1024w, https:\/\/www.glomeda.org\/wp-content\/uploads\/2026\/04\/photo_6012828256354110567_y-800x530.jpg 800w, https:\/\/www.glomeda.org\/wp-content\/uploads\/2026\/04\/photo_6012828256354110567_y-150x99.jpg 150w, https:\/\/www.glomeda.org\/wp-content\/uploads\/2026\/04\/photo_6012828256354110567_y-768x508.jpg 768w, https:\/\/www.glomeda.org\/wp-content\/uploads\/2026\/04\/photo_6012828256354110567_y.jpg 1080w\" sizes=\"auto, (max-width: 1024px) 100vw, 1024px\" \/><\/figure>\n\n\n\n<figure class=\"wp-block-image size-large\"><img loading=\"lazy\" decoding=\"async\" width=\"759\" height=\"1024\" data-id=\"7827\" src=\"https:\/\/www.glomeda.org\/wp-content\/uploads\/2026\/04\/79d35d99-32c9-4680-b448-e14f916eac6e-759x1024.jpg\" alt=\"\" class=\"wp-image-7827\" srcset=\"https:\/\/www.glomeda.org\/wp-content\/uploads\/2026\/04\/79d35d99-32c9-4680-b448-e14f916eac6e-759x1024.jpg 759w, https:\/\/www.glomeda.org\/wp-content\/uploads\/2026\/04\/79d35d99-32c9-4680-b448-e14f916eac6e-593x800.jpg 593w, https:\/\/www.glomeda.org\/wp-content\/uploads\/2026\/04\/79d35d99-32c9-4680-b448-e14f916eac6e-111x150.jpg 111w, https:\/\/www.glomeda.org\/wp-content\/uploads\/2026\/04\/79d35d99-32c9-4680-b448-e14f916eac6e-768x1036.jpg 768w, https:\/\/www.glomeda.org\/wp-content\/uploads\/2026\/04\/79d35d99-32c9-4680-b448-e14f916eac6e-1139x1536.jpg 1139w, https:\/\/www.glomeda.org\/wp-content\/uploads\/2026\/04\/79d35d99-32c9-4680-b448-e14f916eac6e.jpg 1518w\" sizes=\"auto, (max-width: 759px) 100vw, 759px\" \/><\/figure>\n\n\n\n<figure class=\"wp-block-image size-large\"><img loading=\"lazy\" decoding=\"async\" width=\"768\" height=\"1024\" data-id=\"7824\" src=\"https:\/\/www.glomeda.org\/wp-content\/uploads\/2026\/04\/46d3a9ec-9fe9-4823-8485-be49ea5e63cb-768x1024.jpg\" alt=\"\" class=\"wp-image-7824\" srcset=\"https:\/\/www.glomeda.org\/wp-content\/uploads\/2026\/04\/46d3a9ec-9fe9-4823-8485-be49ea5e63cb-768x1024.jpg 768w, https:\/\/www.glomeda.org\/wp-content\/uploads\/2026\/04\/46d3a9ec-9fe9-4823-8485-be49ea5e63cb-600x800.jpg 600w, https:\/\/www.glomeda.org\/wp-content\/uploads\/2026\/04\/46d3a9ec-9fe9-4823-8485-be49ea5e63cb-113x150.jpg 113w, https:\/\/www.glomeda.org\/wp-content\/uploads\/2026\/04\/46d3a9ec-9fe9-4823-8485-be49ea5e63cb-1152x1536.jpg 1152w, https:\/\/www.glomeda.org\/wp-content\/uploads\/2026\/04\/46d3a9ec-9fe9-4823-8485-be49ea5e63cb.jpg 1536w\" sizes=\"auto, (max-width: 768px) 100vw, 768px\" \/><\/figure>\n\n\n\n<figure class=\"wp-block-image size-large\"><img loading=\"lazy\" decoding=\"async\" width=\"768\" height=\"1024\" data-id=\"7826\" src=\"https:\/\/www.glomeda.org\/wp-content\/uploads\/2026\/04\/9437066b-0498-40db-a122-5f064fcd1d61-768x1024.jpg\" alt=\"\" class=\"wp-image-7826\" srcset=\"https:\/\/www.glomeda.org\/wp-content\/uploads\/2026\/04\/9437066b-0498-40db-a122-5f064fcd1d61-768x1024.jpg 768w, https:\/\/www.glomeda.org\/wp-content\/uploads\/2026\/04\/9437066b-0498-40db-a122-5f064fcd1d61-600x800.jpg 600w, https:\/\/www.glomeda.org\/wp-content\/uploads\/2026\/04\/9437066b-0498-40db-a122-5f064fcd1d61-113x150.jpg 113w, https:\/\/www.glomeda.org\/wp-content\/uploads\/2026\/04\/9437066b-0498-40db-a122-5f064fcd1d61-1152x1536.jpg 1152w, https:\/\/www.glomeda.org\/wp-content\/uploads\/2026\/04\/9437066b-0498-40db-a122-5f064fcd1d61.jpg 1536w\" sizes=\"auto, (max-width: 768px) 100vw, 768px\" \/><\/figure>\n<\/figure>\n\n\n\n<p><em><br><\/em><\/p>\n","protected":false},"excerpt":{"rendered":"<p>Le iniziative militanti nelle Marche nell&#8217;81\u00b0 Festa della Liberazione &#8220;Il 25 aprile, la Liberazione d\u2019Italia dal nazi-fascismo, per noi non<\/p>\n","protected":false},"author":1,"featured_media":7796,"comment_status":"closed","ping_status":"closed","sticky":false,"template":"","format":"standard","meta":{"colormag_page_container_layout":"default_layout","colormag_page_sidebar_layout":"default_layout","h5ap_radio_sources":[],"wp_social_preview_title":"","wp_social_preview_description":"","wp_social_preview_image":0,"footnotes":""},"categories":[17],"tags":[68],"class_list":["post-7795","post","type-post","status-publish","format-standard","has-post-thumbnail","hentry","category-antifascismo","tag-25-aprile"],"_links":{"self":[{"href":"https:\/\/www.glomeda.org\/index.php\/wp-json\/wp\/v2\/posts\/7795","targetHints":{"allow":["GET"]}}],"collection":[{"href":"https:\/\/www.glomeda.org\/index.php\/wp-json\/wp\/v2\/posts"}],"about":[{"href":"https:\/\/www.glomeda.org\/index.php\/wp-json\/wp\/v2\/types\/post"}],"author":[{"embeddable":true,"href":"https:\/\/www.glomeda.org\/index.php\/wp-json\/wp\/v2\/users\/1"}],"replies":[{"embeddable":true,"href":"https:\/\/www.glomeda.org\/index.php\/wp-json\/wp\/v2\/comments?post=7795"}],"version-history":[{"count":6,"href":"https:\/\/www.glomeda.org\/index.php\/wp-json\/wp\/v2\/posts\/7795\/revisions"}],"predecessor-version":[{"id":7828,"href":"https:\/\/www.glomeda.org\/index.php\/wp-json\/wp\/v2\/posts\/7795\/revisions\/7828"}],"wp:featuredmedia":[{"embeddable":true,"href":"https:\/\/www.glomeda.org\/index.php\/wp-json\/wp\/v2\/media\/7796"}],"wp:attachment":[{"href":"https:\/\/www.glomeda.org\/index.php\/wp-json\/wp\/v2\/media?parent=7795"}],"wp:term":[{"taxonomy":"category","embeddable":true,"href":"https:\/\/www.glomeda.org\/index.php\/wp-json\/wp\/v2\/categories?post=7795"},{"taxonomy":"post_tag","embeddable":true,"href":"https:\/\/www.glomeda.org\/index.php\/wp-json\/wp\/v2\/tags?post=7795"}],"curies":[{"name":"wp","href":"https:\/\/api.w.org\/{rel}","templated":true}]}}