{"id":736,"date":"2022-06-24T16:10:31","date_gmt":"2022-06-24T14:10:31","guid":{"rendered":"https:\/\/www.glomeda.org\/?p=736"},"modified":"2022-06-24T18:42:49","modified_gmt":"2022-06-24T16:42:49","slug":"ancona-richiedenti-asilo-lasciati-per-strada","status":"publish","type":"post","link":"https:\/\/www.glomeda.org\/index.php\/2022\/06\/24\/ancona-richiedenti-asilo-lasciati-per-strada\/","title":{"rendered":"Ancona &#8211; Richiedenti asilo lasciati per strada"},"content":{"rendered":"\n<h6 class=\"wp-block-heading\"><em>Il comunicato dell&#8217;Ambasciata dei Diritti di Ancona<\/em><\/h6>\n\n\n\n<p><strong>I fatti<\/strong><br>Da alcune settimane si sono intensificate le segnalazioni di diversi richiedenti asilo che recandosi presso la questura di Ancona provavano inutilmente ad accedere alla procedura di protezione internazionale. A queste persone non \u00e8 stata fatta formalizzare la richiesta e la motivazione riportata dai responsabili \u00e8 stata la mancanza di posti disponibili nel sistema di accoglienza gestito dalla Prefettura di Ancona.<br>Questa situazione fuori dalla legge, continua da tempo e alle varie segnalazioni gi\u00e0 presentate ai due enti otteniamo come risposta solo il rimpallo delle responsabilit\u00e0.<br>Che di seguito vogliamo sottolineare.<\/p>\n\n\n\n<p><br><strong>La legge e le sentenze<\/strong><br>Vogliamo ricordare che il Decreto Legge del 18 agosto 2015, n. 142 nell\u2019articolo 1 commi 2 e 3 obbliga l\u2019amministrazione ad adottare <em><strong>immediatamente<\/strong><\/em> le misure di accoglienza:<br>2. Le misure di accoglienza di cui al presente decreto si applicano dal momento della manifestazione della volonta&#8217; di chiedere la protezione internazionale.<br>3. Le misure di accoglienza di cui al presente decreto si applicano anche ai richiedenti protezione internazionale soggetti al procedimento previsto dal regolamento (UE) n. 604\/2013, del Parlamento europeo e del Consiglio , del 26 giugno 2013, che stabilisce i criteri e i meccanismi di determinazione dello Stato membro competente per l&#8217;esame di una domanda di protezione internazionale.<\/p>\n\n\n\n<p>Come numerose sentenze hanno specificato (la pi\u00f9 recente del tar del Veneto), la questura non ha alcun potere di filtro o decisionale e che deve al pi\u00f9 presto formalizzare le richiesta senza poter subordinare la formalizzazione medesima a nessuna altra condizione.<br><\/p>\n\n\n\n<p><strong>Il ruolo della Prefettura<\/strong><br>La competenza di organizzare fisicamente le strutture destinate all&#8217;ospitalit\u00e0 come \u00e8 noto spetta alla Prefettura. A quanto pare per\u00f2 le capacit\u00e0 di previsione dei posti necessari per una accoglienza degna falliscono puntualmente.<br>Da anni si parla continuamente di emergenza mentre l&#8217;esperienza maturata nell&#8217;arco di almeno dieci anni consiglierebbe di avere sempre una quantit\u00e0 di posti disponibili appunto per non essere impreparati nei momenti di maggiore afflusso. La guerra in Ucraina non giustifica l&#8217;ennesima emergenza, primo perch\u00e9 solo una piccola parte dei profughi ucraini \u00e8 entrato nel percorso di accoglienza governativo, preferendo l&#8217;ospitalit\u00e0 di amici o parenti. Secondo perch\u00e9 il governo ha stanziato dei fondi aggiuntivi per integrare i posti nelle strutture per richiedenti asilo. Cos\u00ec come la redistribuzione regionale degli arrivi dal canale di<br>Sicilia non pu\u00f2 giustificare la perpetua saturazione dei &#8220;posti letto.&#8221; La verit\u00e0 \u00e8 che da tempo il ministero dell&#8217;interno ha tagliato i fondi destinati all&#8217;accoglienza con il preciso intento di disincentivare gli arrivi, trasformando l&#8217;Italia in un paese di transito al pari della Grecia.<br><\/p>\n\n\n\n<p><strong>Gli effetti sui richiedenti<\/strong><br>Quello che ad una prima lettura potrebbe sembrare un problema tecnico ed organizzativo \u00e8 in realt\u00e0 un dramma umano. Chi arriva e chiede asilo non ha nulla, n\u00e9 un posto dove dormire n\u00e9 dove mangiare, il fatto di non inserirlo in un percorso di accoglienza significa condannarlo a vivere per strada, tutto questo in aperta violazione delle convenzioni internazionali sottoscritte dall&#8217;Italia, ed agli stessi obblighi di legge sopra citati Tra i ragazzi lasciati per strada vi sono anche dei casi di estrema vulnerabilit\u00e0 che li espongono a notevoli rischi. Per tutte queste ragioni la Questura deve far formalizzare nel pi\u00f9 breve tempo possibile le richieste di protezione e la Prefettura deve trovare una soluzione immediata per tutti coloro che si sono fatti identificare come richiedenti asilo e vivono per strada. Vista la situazione emergenziale invitiamo chi di dovere a porre in essere fin da subito un centro o pi\u00f9 centri di accoglienza degni.<\/p>\n\n\n\n<p><\/p>\n\n\n\n<p><br>Ancona, 23 giugno 2022<br><em>Ambasciata dei DIritti<\/em><\/p>\n","protected":false},"excerpt":{"rendered":"<p>Il comunicato dell&#8217;Ambasciata dei Diritti di Ancona I fattiDa alcune settimane si sono intensificate le segnalazioni di diversi richiedenti asilo<\/p>\n","protected":false},"author":1,"featured_media":738,"comment_status":"closed","ping_status":"closed","sticky":false,"template":"","format":"standard","meta":{"colormag_page_container_layout":"default_layout","colormag_page_sidebar_layout":"default_layout","h5ap_radio_sources":[],"wp_social_preview_title":"","wp_social_preview_description":"","wp_social_preview_image":0,"footnotes":""},"categories":[8,88],"tags":[],"class_list":["post-736","post","type-post","status-publish","format-standard","has-post-thumbnail","hentry","category-in-evidenza","category-migranti"],"_links":{"self":[{"href":"https:\/\/www.glomeda.org\/index.php\/wp-json\/wp\/v2\/posts\/736","targetHints":{"allow":["GET"]}}],"collection":[{"href":"https:\/\/www.glomeda.org\/index.php\/wp-json\/wp\/v2\/posts"}],"about":[{"href":"https:\/\/www.glomeda.org\/index.php\/wp-json\/wp\/v2\/types\/post"}],"author":[{"embeddable":true,"href":"https:\/\/www.glomeda.org\/index.php\/wp-json\/wp\/v2\/users\/1"}],"replies":[{"embeddable":true,"href":"https:\/\/www.glomeda.org\/index.php\/wp-json\/wp\/v2\/comments?post=736"}],"version-history":[{"count":4,"href":"https:\/\/www.glomeda.org\/index.php\/wp-json\/wp\/v2\/posts\/736\/revisions"}],"predecessor-version":[{"id":742,"href":"https:\/\/www.glomeda.org\/index.php\/wp-json\/wp\/v2\/posts\/736\/revisions\/742"}],"wp:featuredmedia":[{"embeddable":true,"href":"https:\/\/www.glomeda.org\/index.php\/wp-json\/wp\/v2\/media\/738"}],"wp:attachment":[{"href":"https:\/\/www.glomeda.org\/index.php\/wp-json\/wp\/v2\/media?parent=736"}],"wp:term":[{"taxonomy":"category","embeddable":true,"href":"https:\/\/www.glomeda.org\/index.php\/wp-json\/wp\/v2\/categories?post=736"},{"taxonomy":"post_tag","embeddable":true,"href":"https:\/\/www.glomeda.org\/index.php\/wp-json\/wp\/v2\/tags?post=736"}],"curies":[{"name":"wp","href":"https:\/\/api.w.org\/{rel}","templated":true}]}}