{"id":6431,"date":"2026-01-29T13:16:29","date_gmt":"2026-01-29T12:16:29","guid":{"rendered":"https:\/\/www.glomeda.org\/?p=6431"},"modified":"2026-03-05T14:22:38","modified_gmt":"2026-03-05T13:22:38","slug":"dalle-marche-a-torino-per-la-manifestazione-dopo-lo-sgombero-di-askatasuna","status":"publish","type":"post","link":"https:\/\/www.glomeda.org\/index.php\/2026\/01\/29\/dalle-marche-a-torino-per-la-manifestazione-dopo-lo-sgombero-di-askatasuna\/","title":{"rendered":"Dalle Marche a Torino per la manifestazione dopo lo sgombero di Askatasuna"},"content":{"rendered":"\n<h6 class=\"wp-block-heading\"><strong><em>Sabato 31 gennaio il corteo nazionale dopo lo sgombero &#8220;Askatasuna vuol dire libert\u00e0! Torino \u00e8 partigiana. Contro il governo, la guerra e l\u2019attacco agli spazi sociali&#8221;<\/em><\/strong><\/h6>\n\n\n\n<p><em>Pubblichiamo la piattaforma di sintesi letta a conclusione dell\u2019assemblea del 17 gennaio a Torino a seguito dello sgombero di\u00a0Askatasuna<\/em>.<em> Dalle Marche l&#8217;adesione dei Centri Sociali e degli Studenti Autorganizzati, l&#8217;organizzazione della partecipazione collettiva <\/em><\/p>\n\n\n\n<p><strong>Piattaforma verso la manifestazione nazionale del 31 gennaio a Torino<\/strong><\/p>\n\n\n\n<p>Da Torino al Sud, dalla Val di Susa al Nord Est, dalle isole al centro, tutta Italia \u00e8 unita nelle differenze, nelle generazioni, nelle specificit\u00e0 territoriali, per portare una sola voce: il governo Meloni ha sbagliato i suoi calcoli, il popolo resiste.&nbsp;<\/p>\n\n\n\n<p>Nonostante i segnali chiari che arrivano dal governo, un governo che odia e che struttura una stretta repressiva ben precisa e ben oliata, \u00e8 altrettanto chiaro che una parte del Paese non \u00e8 disposta a chinare la testa.&nbsp;<\/p>\n\n\n\n<p>Dai lavoratori e dalle lavoratrici, dagli spazi sociali colpiti, dai comitati territoriali, dai comitati di quartiere ai collettivi studenteschi, dalle universit\u00e0 alle scuole, da chi lotta nei quartieri popolari a chi lotta contro le basi militari e le grandi opere inutili, dalle donne che lottano agli abitanti sotto sfratto: il popolo rilancia.&nbsp;<\/p>\n\n\n\n<p>Il 31 gennaio sar\u00e0 una mobilitazione popolare a cui ognuno potr\u00e0 partecipare con le proprie specificit\u00e0 e le proprie differenze, rappresentandole tutte, creando una massa eterogenea, come la Valle di Susa ci ha insegnato. Il 31 sar\u00e0 un passaggio importante per ribadire che c\u2019\u00e8 una parte di questo Paese, quella che in milioni \u00e8 scesa in strada per bloccare tutto in solidariet\u00e0 al popolo Palestinese, che non \u00e8 disponibile ad avallare i piani previsti di riarmo, militarizzazione, chiusura e disciplinamento voluti da Meloni e dai suoi ministri.<\/p>\n\n\n\n<p>Un passaggio che rilanciamo insieme verso nuovi appuntamenti, verso la primavera in cui ritrovarci, continuare a ragionare collettivamente sulle urgenze di questo momento storico e cogliere quali siano le possibilit\u00e0 per riaprire spazi, costruire percorsi, intuire mobilitazioni, passando per i momenti di sciopero che ci saranno.&nbsp;<\/p>\n\n\n\n<p>La repressione del Governo passa per nuovi decreti sicurezza, cerca di rinchiudere le mobilitazioni e gli spazi sociali autogestiti ad un problema di ordine pubblico, quando invece il loro significato \u00e8 profondamente politico e sociale. Arresti e operazioni di polizia quasi settimanali, colpiscono indiscriminatamente superando e forzando ogni confine legale, trasformando le leggi nella logica feroce della \u201clegge del pi\u00f9 forte\u201d.&nbsp;<\/p>\n\n\n\n<p>Essere partigiani vuol dire schierarsi e prendere posizione, Torino \u00e8 una dimostrazione di come le lotte possano essere al tempo stesso incisive e riproducibili. Oggi il significato e la pratica dell\u2019antifascismo assumono nuova attualit\u00e0.&nbsp;<\/p>\n\n\n\n<p>Immaginiamo insieme il corteo del 31 gennaio come l\u2019inizio di un percorso comune che possa costruire uno spazio largo di mobilitazione contro il Governo Meloni e la sua manovra economica lacrime e sangue. Oltre la retorica populista e sovranista, quello che rimane sono misure di austerity, sudditanza ai diktat di Trump, attacchi al lavoro, alle pensioni, ai migranti e a chiunque non sia allineato. \u00c8 tempo di portare avanti un conflitto plurale, inteso come esercizio di trasformazione e di riconoscimento di coloro che stanno ai margini.&nbsp;<\/p>\n\n\n\n<p>\u00c8 tempo di tenere insieme quello che loro vogliono allontanare, di rifiutare la loro divisione di bene e male e costruire un\u2019alternativa credibile. Resistere \u00e8 possibile, resistere \u00e8 un dovere.<\/p>\n","protected":false},"excerpt":{"rendered":"<p>Sabato 31 gennaio il corteo nazionale dopo lo sgombero &#8220;Askatasuna vuol dire libert\u00e0! Torino \u00e8 partigiana. Contro il governo, la<\/p>\n","protected":false},"author":1,"featured_media":6432,"comment_status":"closed","ping_status":"closed","sticky":false,"template":"","format":"standard","meta":{"colormag_page_container_layout":"default_layout","colormag_page_sidebar_layout":"default_layout","h5ap_radio_sources":[],"wp_social_preview_title":"","wp_social_preview_description":"","wp_social_preview_image":0,"footnotes":""},"categories":[8,252,271],"tags":[289],"class_list":["post-6431","post","type-post","status-publish","format-standard","has-post-thumbnail","hentry","category-in-evidenza","category-repressione","category-spazi-sociali","tag-que-viva-askatasuna"],"_links":{"self":[{"href":"https:\/\/www.glomeda.org\/index.php\/wp-json\/wp\/v2\/posts\/6431","targetHints":{"allow":["GET"]}}],"collection":[{"href":"https:\/\/www.glomeda.org\/index.php\/wp-json\/wp\/v2\/posts"}],"about":[{"href":"https:\/\/www.glomeda.org\/index.php\/wp-json\/wp\/v2\/types\/post"}],"author":[{"embeddable":true,"href":"https:\/\/www.glomeda.org\/index.php\/wp-json\/wp\/v2\/users\/1"}],"replies":[{"embeddable":true,"href":"https:\/\/www.glomeda.org\/index.php\/wp-json\/wp\/v2\/comments?post=6431"}],"version-history":[{"count":3,"href":"https:\/\/www.glomeda.org\/index.php\/wp-json\/wp\/v2\/posts\/6431\/revisions"}],"predecessor-version":[{"id":6435,"href":"https:\/\/www.glomeda.org\/index.php\/wp-json\/wp\/v2\/posts\/6431\/revisions\/6435"}],"wp:featuredmedia":[{"embeddable":true,"href":"https:\/\/www.glomeda.org\/index.php\/wp-json\/wp\/v2\/media\/6432"}],"wp:attachment":[{"href":"https:\/\/www.glomeda.org\/index.php\/wp-json\/wp\/v2\/media?parent=6431"}],"wp:term":[{"taxonomy":"category","embeddable":true,"href":"https:\/\/www.glomeda.org\/index.php\/wp-json\/wp\/v2\/categories?post=6431"},{"taxonomy":"post_tag","embeddable":true,"href":"https:\/\/www.glomeda.org\/index.php\/wp-json\/wp\/v2\/tags?post=6431"}],"curies":[{"name":"wp","href":"https:\/\/api.w.org\/{rel}","templated":true}]}}