{"id":612,"date":"2022-05-05T14:01:07","date_gmt":"2022-05-05T12:01:07","guid":{"rendered":"https:\/\/www.glomeda.org\/?p=612"},"modified":"2022-05-05T14:01:09","modified_gmt":"2022-05-05T12:01:09","slug":"carovana-madres2022-intervista-a-neka-centro-di-salute-autogestito-la-enramada","status":"publish","type":"post","link":"https:\/\/www.glomeda.org\/index.php\/2022\/05\/05\/carovana-madres2022-intervista-a-neka-centro-di-salute-autogestito-la-enramada\/","title":{"rendered":"Carovana Madres2022 &#8211; Intervista a Neka, Centro di Salute Autogestito La Enramada"},"content":{"rendered":"\n<p>Alla terza cintura di Buenos Aires incontro con la Comarca, una comunit\u00e0 gestita da alcuni militanti ex MTD (Movimento lavoratori disoccupati) che hanno preso un ettaro di terra e dove vivono 14 famiglie in case autocostruite.<br>Abbiamo intervistato Neka che per Ya Basta Marche rappresenta la referente del Centro di salute autogestito La Enramada nel quartiere di Quilmes che venne costruito proprio grazie alla relazione con le realt\u00e0 di movimento marchigiane. Lo spazio ora riconosciuto anche dalle istituzioni di Buenos Aires nato come centro di cura, che usa medicina ancestrale e che recupera persone con disagi mentali e disabilit\u00e0, \u00e8 diventato negli anni un centro di socialit\u00e0 e di alfabetizzazione.<br>Neka ci ha illustrato il nuovo progetto che intende collegare la vita comunitaria al centro di salute e alle produzioni biologiche per creare un circuito di commercio biologico.<\/p>\n\n\n\n<p><em>Ambasciata dei Diritti Ancona<\/em><\/p>\n\n\n\n<figure class=\"wp-block-video\"><video height=\"720\" style=\"aspect-ratio: 1280 \/ 720;\" width=\"1280\" controls src=\"https:\/\/www.glomeda.org\/wp-content\/uploads\/2022\/05\/IMG_6738.mp4\"><\/video><\/figure>\n","protected":false},"excerpt":{"rendered":"<p>Alla terza cintura di Buenos Aires incontro con la Comarca, una comunit\u00e0 gestita da alcuni militanti ex MTD (Movimento lavoratori<\/p>\n","protected":false},"author":1,"featured_media":622,"comment_status":"closed","ping_status":"closed","sticky":false,"template":"","format":"standard","meta":{"colormag_page_container_layout":"default_layout","colormag_page_sidebar_layout":"default_layout","h5ap_radio_sources":[],"wp_social_preview_title":"","wp_social_preview_description":"","wp_social_preview_image":0,"footnotes":""},"categories":[59,15],"tags":[53,76,75,52,55,78,54,74],"class_list":["post-612","post","type-post","status-publish","format-standard","has-post-thumbnail","hentry","category-carovana-madres-2022","category-internazionale","tag-argentina","tag-autogestito","tag-autorganizzazione","tag-carovana-madres-2022","tag-desaparecidos","tag-la-enramada","tag-madres-de-plaza-de-mayo","tag-salute"],"_links":{"self":[{"href":"https:\/\/www.glomeda.org\/index.php\/wp-json\/wp\/v2\/posts\/612","targetHints":{"allow":["GET"]}}],"collection":[{"href":"https:\/\/www.glomeda.org\/index.php\/wp-json\/wp\/v2\/posts"}],"about":[{"href":"https:\/\/www.glomeda.org\/index.php\/wp-json\/wp\/v2\/types\/post"}],"author":[{"embeddable":true,"href":"https:\/\/www.glomeda.org\/index.php\/wp-json\/wp\/v2\/users\/1"}],"replies":[{"embeddable":true,"href":"https:\/\/www.glomeda.org\/index.php\/wp-json\/wp\/v2\/comments?post=612"}],"version-history":[{"count":2,"href":"https:\/\/www.glomeda.org\/index.php\/wp-json\/wp\/v2\/posts\/612\/revisions"}],"predecessor-version":[{"id":615,"href":"https:\/\/www.glomeda.org\/index.php\/wp-json\/wp\/v2\/posts\/612\/revisions\/615"}],"wp:featuredmedia":[{"embeddable":true,"href":"https:\/\/www.glomeda.org\/index.php\/wp-json\/wp\/v2\/media\/622"}],"wp:attachment":[{"href":"https:\/\/www.glomeda.org\/index.php\/wp-json\/wp\/v2\/media?parent=612"}],"wp:term":[{"taxonomy":"category","embeddable":true,"href":"https:\/\/www.glomeda.org\/index.php\/wp-json\/wp\/v2\/categories?post=612"},{"taxonomy":"post_tag","embeddable":true,"href":"https:\/\/www.glomeda.org\/index.php\/wp-json\/wp\/v2\/tags?post=612"}],"curies":[{"name":"wp","href":"https:\/\/api.w.org\/{rel}","templated":true}]}}