{"id":6031,"date":"2025-10-31T14:13:47","date_gmt":"2025-10-31T13:13:47","guid":{"rendered":"https:\/\/www.glomeda.org\/?p=6031"},"modified":"2025-10-31T16:08:59","modified_gmt":"2025-10-31T15:08:59","slug":"gaza-il-cessate-il-fuoco-visto-dalla-striscia-e-dalla-west-bank","status":"publish","type":"post","link":"https:\/\/www.glomeda.org\/index.php\/2025\/10\/31\/gaza-il-cessate-il-fuoco-visto-dalla-striscia-e-dalla-west-bank\/","title":{"rendered":"Gaza, il cessate il fuoco visto dalla Striscia e dalla West Bank"},"content":{"rendered":"\n<h6 class=\"wp-block-heading\"><strong><em>La testimonianza dalla Giordania di Meri Calvelli, cooperante Acs, direttrice Centro Vik &#8211; Gaza<\/em><\/strong><\/h6>\n\n\n\n<p><strong>Dopo la gravissima violazione<\/strong> nella notte fra marted\u00ec e mercoled\u00ec, con i pesanti bombardamenti dell&#8217;aviazione militare dell&#8217;Idf che hanno colpito l&#8217;intero territorio della Striscia di Gaza, causando la morte di oltre un centinaio di civili, il cessate il fuoco risulta ancora in vigore.<\/p>\n\n\n\n<p><em>&#8220;Questa Nakba non \u00e8 ancora finita&#8221;<\/em>. <strong>La situazione sul campo rimane segnata dagli impegni disattesi da parte israeliana<\/strong> nel quadro dell&#8217;intesa: si registrano attacchi dell&#8217;aviazione, colpi di artiglieria, demolizioni e uccisioni nelle zone circostanti la linea gialla, che il governo sionista minaccia di estendere. <strong>L&#8217;ingresso degli aiuti umanitari<\/strong>, sebbene sia stato incrementato rispetto ai primi giorni, rimane <strong>molto al di sotto dei livelli minimi di fabbisogno richiesto<\/strong>, cos\u00ec come le forniture sanitarie non riescono a supplire alle necessit\u00e0 di un sistema ospedaliero ridotto a un terzo della sua operativit\u00e0. I corridoi umanitari sono ancora bloccati, come il rilascio dei visti per il canale universitario, fatta eccezione per i pochi borsisti dell&#8217;iniziativa<em> Iupals<\/em>, che non possono comunque viaggiare con i familiari. <strong>Il valico di Rafah ancora chiuso. <\/strong><\/p>\n\n\n\n<figure class=\"wp-block-image size-large\"><img loading=\"lazy\" decoding=\"async\" width=\"1024\" height=\"536\" src=\"https:\/\/www.glomeda.org\/wp-content\/uploads\/2025\/10\/87403eba-f176-421a-8299-955e7e423c19-1024x536.jpg\" alt=\"\" class=\"wp-image-6034\" srcset=\"https:\/\/www.glomeda.org\/wp-content\/uploads\/2025\/10\/87403eba-f176-421a-8299-955e7e423c19-1024x536.jpg 1024w, https:\/\/www.glomeda.org\/wp-content\/uploads\/2025\/10\/87403eba-f176-421a-8299-955e7e423c19-800x419.jpg 800w, https:\/\/www.glomeda.org\/wp-content\/uploads\/2025\/10\/87403eba-f176-421a-8299-955e7e423c19-150x79.jpg 150w, https:\/\/www.glomeda.org\/wp-content\/uploads\/2025\/10\/87403eba-f176-421a-8299-955e7e423c19-768x402.jpg 768w, https:\/\/www.glomeda.org\/wp-content\/uploads\/2025\/10\/87403eba-f176-421a-8299-955e7e423c19-390x205.jpg 390w, https:\/\/www.glomeda.org\/wp-content\/uploads\/2025\/10\/87403eba-f176-421a-8299-955e7e423c19.jpg 1200w\" sizes=\"auto, (max-width: 1024px) 100vw, 1024px\" \/><\/figure>\n\n\n\n<p><strong>In Cisgiordania la pressione militare si \u00e8 intensificata<\/strong> in un territorio dove gli spostamenti sono resi quasi impossibili dall&#8217;irrigidimento delle misure di sicurezza e dal <strong>confinamento imposto con lo stato di emergenza dall&#8217;ottobre 2023<\/strong>, con citt\u00e0 e villaggi chiusi da blocchi di cemento e barriere di metallo. Le mire espansionistiche e di annessione da parte dello stato ebraico occupante vengono contrastate sul piano diplomatico, mentre sul terreno <strong>le bande di coloni armati agiscono impunemente e coperte dall&#8217;esercito<\/strong>: sono oltre un migliaio le vittime e 10mila i feriti in due anni in West Bank.<\/p>\n\n\n\n<p><strong>L&#8217;attuale stagione della raccolta delle olive \u00e8 sotto bersaglio<\/strong>, sono quasi <strong>160 gli attacchi registrati<\/strong> ai danni di contadini palestinesi. La produzione di olio di oliva si \u00e8 ormai ridotta del 75% in Palestina, con migliaia di alberi abbattuti ed estirpati solo negli ultimi anni. Il progetto di cooperazione <em>&#8216;<a href=\"https:\/\/www.acs-ong.it\/2025\/10\/23\/olivi-sotto-assedio-il-primo-report-della-campagna-olivi-cultura-di-pace\" data-type=\"link\" data-id=\"https:\/\/www.acs-ong.it\/2025\/10\/23\/olivi-sotto-assedio-il-primo-report-della-campagna-olivi-cultura-di-pace\" target=\"_blank\" rel=\"noreferrer noopener\">Olivi \u2013 Cultura di Pace in Palestina<\/a><\/em>&#8216; crea un gemellaggio fra agricoltori italiani e palestinesi<em> &#8220;per rafforzare il mutualismo e il cooperativismo, promuovendo la collaborazione e la solidariet\u00e0 dal basso&#8221;<\/em>.<\/p>\n\n\n\n<p><em><strong>&#8220;Dove cresce un ulivo, resiste un popolo&#8221;<\/strong><\/em>: la mobilitazione della solidariet\u00e0 internazionale deve proseguire <em>&#8220;fino ad imporre alle istituzioni internazionali giustizia, pace e libert\u00e0 per il popolo palestinese&#8221;<\/em>.<\/p>\n\n\n\n<p><strong>&#8211; Ascolta l&#8217;intervista con Meri Calvelli, cooperante&nbsp;<em>Acs<\/em>&nbsp;e direttrice del&nbsp;<em>Centro italiano di scambi culturali \u2013 Vik<\/em>&nbsp;a Gaza<\/strong><\/p>\n\n\n\n<figure class=\"wp-block-audio\"><audio controls src=\"https:\/\/www.glomeda.org\/wp-content\/uploads\/2025\/10\/Meri_301025.mp3\"><\/audio><\/figure>\n\n\n\n<figure class=\"wp-block-image size-full\"><img loading=\"lazy\" decoding=\"async\" width=\"1000\" height=\"667\" src=\"https:\/\/www.glomeda.org\/wp-content\/uploads\/2025\/10\/c983c56c6d4366d382744821c43dc21e.webp\" alt=\"\" class=\"wp-image-6035\" srcset=\"https:\/\/www.glomeda.org\/wp-content\/uploads\/2025\/10\/c983c56c6d4366d382744821c43dc21e.webp 1000w, https:\/\/www.glomeda.org\/wp-content\/uploads\/2025\/10\/c983c56c6d4366d382744821c43dc21e-800x534.webp 800w, https:\/\/www.glomeda.org\/wp-content\/uploads\/2025\/10\/c983c56c6d4366d382744821c43dc21e-150x100.webp 150w, https:\/\/www.glomeda.org\/wp-content\/uploads\/2025\/10\/c983c56c6d4366d382744821c43dc21e-768x512.webp 768w\" sizes=\"auto, (max-width: 1000px) 100vw, 1000px\" \/><\/figure>\n","protected":false},"excerpt":{"rendered":"<p>La testimonianza dalla Giordania di Meri Calvelli, cooperante Acs, direttrice Centro Vik &#8211; Gaza Dopo la gravissima violazione nella notte<\/p>\n","protected":false},"author":1,"featured_media":6033,"comment_status":"closed","ping_status":"closed","sticky":false,"template":"","format":"standard","meta":{"colormag_page_container_layout":"default_layout","colormag_page_sidebar_layout":"default_layout","h5ap_radio_sources":[],"wp_social_preview_title":"","wp_social_preview_description":"","wp_social_preview_image":0,"footnotes":""},"categories":[8,15,245],"tags":[246],"class_list":["post-6031","post","type-post","status-publish","format-standard","has-post-thumbnail","hentry","category-in-evidenza","category-internazionale","category-palestina-libera","tag-free-palestine"],"_links":{"self":[{"href":"https:\/\/www.glomeda.org\/index.php\/wp-json\/wp\/v2\/posts\/6031","targetHints":{"allow":["GET"]}}],"collection":[{"href":"https:\/\/www.glomeda.org\/index.php\/wp-json\/wp\/v2\/posts"}],"about":[{"href":"https:\/\/www.glomeda.org\/index.php\/wp-json\/wp\/v2\/types\/post"}],"author":[{"embeddable":true,"href":"https:\/\/www.glomeda.org\/index.php\/wp-json\/wp\/v2\/users\/1"}],"replies":[{"embeddable":true,"href":"https:\/\/www.glomeda.org\/index.php\/wp-json\/wp\/v2\/comments?post=6031"}],"version-history":[{"count":3,"href":"https:\/\/www.glomeda.org\/index.php\/wp-json\/wp\/v2\/posts\/6031\/revisions"}],"predecessor-version":[{"id":6037,"href":"https:\/\/www.glomeda.org\/index.php\/wp-json\/wp\/v2\/posts\/6031\/revisions\/6037"}],"wp:featuredmedia":[{"embeddable":true,"href":"https:\/\/www.glomeda.org\/index.php\/wp-json\/wp\/v2\/media\/6033"}],"wp:attachment":[{"href":"https:\/\/www.glomeda.org\/index.php\/wp-json\/wp\/v2\/media?parent=6031"}],"wp:term":[{"taxonomy":"category","embeddable":true,"href":"https:\/\/www.glomeda.org\/index.php\/wp-json\/wp\/v2\/categories?post=6031"},{"taxonomy":"post_tag","embeddable":true,"href":"https:\/\/www.glomeda.org\/index.php\/wp-json\/wp\/v2\/tags?post=6031"}],"curies":[{"name":"wp","href":"https:\/\/api.w.org\/{rel}","templated":true}]}}