{"id":5812,"date":"2025-09-30T17:38:32","date_gmt":"2025-09-30T15:38:32","guid":{"rendered":"https:\/\/www.glomeda.org\/?p=5812"},"modified":"2025-10-01T13:25:03","modified_gmt":"2025-10-01T11:25:03","slug":"per-gaza-pronti-alla-mobilitazione-immediata-verso-la-manifestazione-nazionale-del-4-ottobre","status":"publish","type":"post","link":"https:\/\/www.glomeda.org\/index.php\/2025\/09\/30\/per-gaza-pronti-alla-mobilitazione-immediata-verso-la-manifestazione-nazionale-del-4-ottobre\/","title":{"rendered":"Per Gaza. Pronti alla mobilitazione immediata verso la manifestazione nazionale del 4 ottobre"},"content":{"rendered":"\n<h6 class=\"wp-block-heading\"><strong><em>Dopo la &#8216;piazza dell&#8217;agitazione permanente&#8217;, massima allerta a tutela della #GlobalSumudFlotilla  <\/em><\/strong><\/h6>\n\n\n\n<p><strong>E&#8217; stato il fine settimana delle cento piazze per Gaza e con la Resistenza<\/strong> quello appena trascorso, con la mobilitazione in solidariet\u00e0 con il popolo palestinese che si \u00e8 fatta ormai permanente.<\/p>\n\n\n\n<p>Sabato 27 settembre \u00e8 stata <strong>un&#8217;altra grande giornata di lotta<\/strong> in Italia, decine di migliaia di persone in strada dal Nord al Sud, dai grandi centri alle piccole citta, blocchi, cortei e presidi. A <strong>Torino<\/strong> in migliaia hanno provato a bloccare l&#8217;aereoporto Caselle, resistendo a cariche ed idranti. A <strong>Genova<\/strong>, su iniziativa dei portuali \u00e8 stato impedito alla nave israeliana <em>&#8220;Zim New Zealand&#8221;<\/em> di caricare materiale bellico. Portuali poi riunitisi in un&#8217;assemblea europea <em>&#8220;non lavoriamo per la guerra&#8221;<\/em>. A <strong>Padova<\/strong> \u00e8 stata bloccata la tangenziale per ore, a <strong>La Spezia<\/strong> in migliaia hanno contestato la fiera delle armi <em>&#8220;SeaFuture&#8221;<\/em>. A <strong>Taranto<\/strong>, da venerd\u00ec sera, migliaia di persone in presidio davanti alla raffineria Eni per impedire l&#8217;attracco alla nave Usa <em>&#8220;Seasalvia&#8221;<\/em>, che deve caricare carburante destinato all&#8217;Idf. A <strong>Brescia<\/strong>, dopo le diecimila persone in corteo ieri, questa mattina la Digos ha perquisito le case di diversi studenti e studentesse. Undici erano stati i fermi a <strong>Milano<\/strong> luned\u00ec 22, con due minorenni posti agli arresti domiciliari restrittivi; otto i fermi invece a <strong>Bologna<\/strong>, fra cui quattro arresti, tre condotti in carcere e un minorenne alla detenzione domiciliare.<\/p>\n\n\n\n<p><strong>Nelle Marche appuntamenti nelle principali citt\u00e0 della regione<\/strong>, gioved\u00ec ad Ascoli Piceno e nella mattinata di sabato a Pesaro, Fabriano e Macerata. Prima della<strong> grande <em>&#8216;piazza dell&#8217;agitazione permanente&#8217; <\/em>di Ancona<\/strong> nel pomeriggio. Una piazza con decine di interventi, che ha ascoltato anche le voci di chi in questi giorni continua a mobilitarsi nel resto d&#8217;Italia, dai porti di Genova e di Ravenna fino all&#8217;aeroporto di Torino, con un collegamento in diretta con chi si trova a bordo della Flotilla.<\/p>\n\n\n\n<p><strong>La <em>Global Sumud Flotilla<\/em> \u00e8 ripartita con un solo obiettivo: fare rotta verso Gaza e rompere l&#8217;assedio<\/strong>. Lo stato di allerta sull&#8217;attesa reazione dell&#8217;esercito sionista \u00e8 massimo quando solo poche ore di navigazione separano ormai le imbarcazioni dalle coste della Striscia. <strong>Un nuovo sciopero generale, questa volta immediato e senza preavviso, \u00e8 stato gi\u00e0 annunciato dall&#8217;Usb e da altri sindacati di base. Lo stato di mobilitazione permanente \u00e8 pronto ad attivarsi con l&#8217;urgenza necessaria a riportare in piazza la stessa potenza collettiva che si \u00e8 espressa luned\u00ec 22 settembre.<\/strong><\/p>\n\n\n\n<p>Con la <strong>manifestazione nazionale di sabato 4 ottobre<\/strong> alle porte e all&#8217;orizzonte la successiva scadenza generale per<strong> fermare <em>&#8216;la partita della vergogna&#8217;<\/em>, Italia &#8211; Israele<\/strong>, che dovrebbe disputarsi marted\u00ec 14 ottobre ad Udine.<\/p>\n\n\n\n<p><strong>&#8211; E&#8217; possibile iscriversi al <a href=\"https:\/\/t.me\/glomeda\" data-type=\"link\" data-id=\"https:\/\/t.me\/glomeda\">canale Telegram di <\/a><em><a href=\"https:\/\/t.me\/glomeda\" data-type=\"link\" data-id=\"https:\/\/t.me\/glomeda\" target=\"_blank\" rel=\"noreferrer noopener\">Glomeda<\/a><\/em> per ricevere tutti gli aggiornamenti sule iniziative <\/strong><\/p>\n\n\n\n<p><strong>&#8211; I <em>Centri Sociali delle Marche<\/em> organizzano la partecipazione alla manifestazione nazionale del 4 ottobre: <a href=\"https:\/\/www.glomeda.org\/index.php\/event\/roma-fermiamo-il-sionismo-con-la-resistenza-manifestazione-nazionale-per-la-palestina\" data-type=\"link\" data-id=\"https:\/\/www.glomeda.org\/index.php\/event\/roma-fermiamo-il-sionismo-con-la-resistenza-manifestazione-nazionale-per-la-palestina\" target=\"_blank\" rel=\"noreferrer noopener\">qui tutte le informazioni per prenotare un posto in autobus<\/a><\/strong><\/p>\n","protected":false},"excerpt":{"rendered":"<p>Dopo la &#8216;piazza dell&#8217;agitazione permanente&#8217;, massima allerta a tutela della #GlobalSumudFlotilla E&#8217; stato il fine settimana delle cento piazze per<\/p>\n","protected":false},"author":1,"featured_media":5824,"comment_status":"closed","ping_status":"closed","sticky":false,"template":"","format":"standard","meta":{"colormag_page_container_layout":"default_layout","colormag_page_sidebar_layout":"default_layout","h5ap_radio_sources":[],"wp_social_preview_title":"","wp_social_preview_description":"","wp_social_preview_image":0,"footnotes":""},"categories":[8,15,245],"tags":[246],"class_list":["post-5812","post","type-post","status-publish","format-standard","has-post-thumbnail","hentry","category-in-evidenza","category-internazionale","category-palestina-libera","tag-free-palestine"],"_links":{"self":[{"href":"https:\/\/www.glomeda.org\/index.php\/wp-json\/wp\/v2\/posts\/5812","targetHints":{"allow":["GET"]}}],"collection":[{"href":"https:\/\/www.glomeda.org\/index.php\/wp-json\/wp\/v2\/posts"}],"about":[{"href":"https:\/\/www.glomeda.org\/index.php\/wp-json\/wp\/v2\/types\/post"}],"author":[{"embeddable":true,"href":"https:\/\/www.glomeda.org\/index.php\/wp-json\/wp\/v2\/users\/1"}],"replies":[{"embeddable":true,"href":"https:\/\/www.glomeda.org\/index.php\/wp-json\/wp\/v2\/comments?post=5812"}],"version-history":[{"count":3,"href":"https:\/\/www.glomeda.org\/index.php\/wp-json\/wp\/v2\/posts\/5812\/revisions"}],"predecessor-version":[{"id":5821,"href":"https:\/\/www.glomeda.org\/index.php\/wp-json\/wp\/v2\/posts\/5812\/revisions\/5821"}],"wp:featuredmedia":[{"embeddable":true,"href":"https:\/\/www.glomeda.org\/index.php\/wp-json\/wp\/v2\/media\/5824"}],"wp:attachment":[{"href":"https:\/\/www.glomeda.org\/index.php\/wp-json\/wp\/v2\/media?parent=5812"}],"wp:term":[{"taxonomy":"category","embeddable":true,"href":"https:\/\/www.glomeda.org\/index.php\/wp-json\/wp\/v2\/categories?post=5812"},{"taxonomy":"post_tag","embeddable":true,"href":"https:\/\/www.glomeda.org\/index.php\/wp-json\/wp\/v2\/tags?post=5812"}],"curies":[{"name":"wp","href":"https:\/\/api.w.org\/{rel}","templated":true}]}}