{"id":565,"date":"2022-04-28T17:52:38","date_gmt":"2022-04-28T15:52:38","guid":{"rendered":"https:\/\/www.glomeda.org\/?p=565"},"modified":"2022-05-17T19:20:14","modified_gmt":"2022-05-17T17:20:14","slug":"per-un-25-aprile-di-resistenza-alla-guerra-al-riarmo-alle-spese-militari","status":"publish","type":"post","link":"https:\/\/www.glomeda.org\/index.php\/2022\/04\/28\/per-un-25-aprile-di-resistenza-alla-guerra-al-riarmo-alle-spese-militari\/","title":{"rendered":"Per un 25 aprile di Resistenza: alla guerra, al riarmo, alle spese militari"},"content":{"rendered":"\n<h6 class=\"wp-block-heading\"><em>&#8216;Disertiamo la guerra, pratichiamo resistenza&#8217;. La giornata del 25 aprile nelle Marche, un resoconto delle iniziative che hanno avuto luogo in diverse citt\u00e0.<\/em><\/h6>\n\n\n\n<p><strong>Falconara Marittima<\/strong> &#8211; 25 Aprile 2022. Quindicesima edizione di <strong>Falkatraz festival<\/strong>, <em>LiberAzioni<\/em>.<br>Anche quest\u2019anno diverse centinaia di persone hanno affollato il Parco Kennedy per un evento che negli anni \u00e8 diventato un punto di riferimento importante per tutto il territorio dell\u2019anconetano. <strong>Un festival che tiene insieme la memoria antifascista con le lotte di oggi<\/strong>, da quelle ambientali, a quelle sul lavoro. A ricordare l\u2019importanza di questo legame le parole degli e delle attiviste di <em>Fridays For Future<\/em> e della <em>Campagna Per il Clima Fuori dal Fossile<\/em> ed i lavoratori della <em>Caterpillar<\/em> di Jesi. Dal palco le parole di Sara Reginella ricordano come la guerra in Ucraina<strong> \u00e8 iniziata otto anni fa con le gravissime responsabilit\u00e0 della Nato <\/strong>che, ormai \u00e8 sempre pi\u00f9 evidente, vuole solo continuare una guerra con la Russia sulle spalle dei civili e dei profughi ucraini.<\/p>\n\n\n\n<figure class=\"wp-block-gallery has-nested-images columns-default is-cropped wp-block-gallery-1 is-layout-flex wp-block-gallery-is-layout-flex\">\n<figure class=\"wp-block-image size-large\"><img loading=\"lazy\" decoding=\"async\" width=\"1024\" height=\"768\" data-id=\"567\" src=\"https:\/\/www.glomeda.org\/wp-content\/uploads\/2022\/04\/IMG_20220428_173200_347.jpg\" alt=\"\" class=\"wp-image-567\" srcset=\"https:\/\/www.glomeda.org\/wp-content\/uploads\/2022\/04\/IMG_20220428_173200_347.jpg 1024w, https:\/\/www.glomeda.org\/wp-content\/uploads\/2022\/04\/IMG_20220428_173200_347-800x600.jpg 800w, https:\/\/www.glomeda.org\/wp-content\/uploads\/2022\/04\/IMG_20220428_173200_347-150x113.jpg 150w, https:\/\/www.glomeda.org\/wp-content\/uploads\/2022\/04\/IMG_20220428_173200_347-768x576.jpg 768w\" sizes=\"auto, (max-width: 1024px) 100vw, 1024px\" \/><\/figure>\n\n\n\n<figure class=\"wp-block-image size-large\"><img loading=\"lazy\" decoding=\"async\" width=\"1024\" height=\"576\" data-id=\"568\" src=\"https:\/\/www.glomeda.org\/wp-content\/uploads\/2022\/04\/FB_IMG_1651160326406-1024x576.jpg\" alt=\"\" class=\"wp-image-568\" srcset=\"https:\/\/www.glomeda.org\/wp-content\/uploads\/2022\/04\/FB_IMG_1651160326406-1024x576.jpg 1024w, https:\/\/www.glomeda.org\/wp-content\/uploads\/2022\/04\/FB_IMG_1651160326406-800x450.jpg 800w, https:\/\/www.glomeda.org\/wp-content\/uploads\/2022\/04\/FB_IMG_1651160326406-150x84.jpg 150w, https:\/\/www.glomeda.org\/wp-content\/uploads\/2022\/04\/FB_IMG_1651160326406-768x432.jpg 768w, https:\/\/www.glomeda.org\/wp-content\/uploads\/2022\/04\/FB_IMG_1651160326406.jpg 1080w\" sizes=\"auto, (max-width: 1024px) 100vw, 1024px\" \/><\/figure>\n\n\n\n<figure class=\"wp-block-image size-large\"><img loading=\"lazy\" decoding=\"async\" width=\"1024\" height=\"548\" data-id=\"570\" src=\"https:\/\/www.glomeda.org\/wp-content\/uploads\/2022\/04\/IMG_20220428_173206_576-1024x548.jpg\" alt=\"\" class=\"wp-image-570\" srcset=\"https:\/\/www.glomeda.org\/wp-content\/uploads\/2022\/04\/IMG_20220428_173206_576-1024x548.jpg 1024w, https:\/\/www.glomeda.org\/wp-content\/uploads\/2022\/04\/IMG_20220428_173206_576-800x428.jpg 800w, https:\/\/www.glomeda.org\/wp-content\/uploads\/2022\/04\/IMG_20220428_173206_576-150x80.jpg 150w, https:\/\/www.glomeda.org\/wp-content\/uploads\/2022\/04\/IMG_20220428_173206_576-768x411.jpg 768w, https:\/\/www.glomeda.org\/wp-content\/uploads\/2022\/04\/IMG_20220428_173206_576.jpg 1125w\" sizes=\"auto, (max-width: 1024px) 100vw, 1024px\" \/><\/figure>\n\n\n\n<figure class=\"wp-block-image size-large\"><img loading=\"lazy\" decoding=\"async\" width=\"1024\" height=\"768\" data-id=\"569\" src=\"https:\/\/www.glomeda.org\/wp-content\/uploads\/2022\/04\/FB_IMG_1651160265989.jpg\" alt=\"\" class=\"wp-image-569\" srcset=\"https:\/\/www.glomeda.org\/wp-content\/uploads\/2022\/04\/FB_IMG_1651160265989.jpg 1024w, https:\/\/www.glomeda.org\/wp-content\/uploads\/2022\/04\/FB_IMG_1651160265989-800x600.jpg 800w, https:\/\/www.glomeda.org\/wp-content\/uploads\/2022\/04\/FB_IMG_1651160265989-150x113.jpg 150w, https:\/\/www.glomeda.org\/wp-content\/uploads\/2022\/04\/FB_IMG_1651160265989-768x576.jpg 768w\" sizes=\"auto, (max-width: 1024px) 100vw, 1024px\" \/><\/figure>\n<\/figure>\n\n\n\n<p><strong>Fano<\/strong> &#8211; Lo spezzone di<strong> Fano antifascista<\/strong>, dietro lo striscione &#8216;<em>Contro ogni fascismo Insorgiamo, contro le vostre guerre Disertiamo<\/em>&#8216;, come tutti gli anni, <strong>si \u00e8 fermato al Monumento ai Caduti della Resistenza<\/strong>, e non a quello di tutte le guerre, ribadendo, quest\u2019anno ancora con pi\u00f9 forza, come ogni equiparazione tra chi \u00e8 caduto, combattendo per la libert\u00e0 con i morti di tutte le guerre, non \u00e8 altro che il tentativo ormai in atto da anni, di criminalizzare la Resistenza in un nome di <strong>un revisionismo storico sempre pi\u00f9 sfacciato ed arrogante <\/strong>che vorrebbe mettere partigiani e partigiane sullo stesso piano di fascisti e repubblichini.<\/p>\n\n\n\n<figure class=\"wp-block-gallery has-nested-images columns-default is-cropped wp-block-gallery-2 is-layout-flex wp-block-gallery-is-layout-flex\">\n<figure class=\"wp-block-image size-large\"><img loading=\"lazy\" decoding=\"async\" width=\"1024\" height=\"768\" data-id=\"573\" src=\"https:\/\/www.glomeda.org\/wp-content\/uploads\/2022\/04\/IMG_20220428_173223_965-1024x768.jpg\" alt=\"\" class=\"wp-image-573\" srcset=\"https:\/\/www.glomeda.org\/wp-content\/uploads\/2022\/04\/IMG_20220428_173223_965-1024x768.jpg 1024w, https:\/\/www.glomeda.org\/wp-content\/uploads\/2022\/04\/IMG_20220428_173223_965-800x600.jpg 800w, https:\/\/www.glomeda.org\/wp-content\/uploads\/2022\/04\/IMG_20220428_173223_965-150x113.jpg 150w, https:\/\/www.glomeda.org\/wp-content\/uploads\/2022\/04\/IMG_20220428_173223_965-768x576.jpg 768w, https:\/\/www.glomeda.org\/wp-content\/uploads\/2022\/04\/IMG_20220428_173223_965.jpg 1280w\" sizes=\"auto, (max-width: 1024px) 100vw, 1024px\" \/><\/figure>\n\n\n\n<figure class=\"wp-block-image size-large\"><img loading=\"lazy\" decoding=\"async\" width=\"1024\" height=\"768\" data-id=\"572\" src=\"https:\/\/www.glomeda.org\/wp-content\/uploads\/2022\/04\/IMG_20220428_173226_276-1024x768.jpg\" alt=\"\" class=\"wp-image-572\" srcset=\"https:\/\/www.glomeda.org\/wp-content\/uploads\/2022\/04\/IMG_20220428_173226_276-1024x768.jpg 1024w, https:\/\/www.glomeda.org\/wp-content\/uploads\/2022\/04\/IMG_20220428_173226_276-800x600.jpg 800w, https:\/\/www.glomeda.org\/wp-content\/uploads\/2022\/04\/IMG_20220428_173226_276-150x113.jpg 150w, https:\/\/www.glomeda.org\/wp-content\/uploads\/2022\/04\/IMG_20220428_173226_276-768x576.jpg 768w, https:\/\/www.glomeda.org\/wp-content\/uploads\/2022\/04\/IMG_20220428_173226_276.jpg 1280w\" sizes=\"auto, (max-width: 1024px) 100vw, 1024px\" \/><\/figure>\n\n\n\n<figure class=\"wp-block-image size-large\"><img loading=\"lazy\" decoding=\"async\" width=\"1024\" height=\"768\" data-id=\"571\" src=\"https:\/\/www.glomeda.org\/wp-content\/uploads\/2022\/04\/IMG_20220428_173229_643-1024x768.jpg\" alt=\"\" class=\"wp-image-571\" srcset=\"https:\/\/www.glomeda.org\/wp-content\/uploads\/2022\/04\/IMG_20220428_173229_643-1024x768.jpg 1024w, https:\/\/www.glomeda.org\/wp-content\/uploads\/2022\/04\/IMG_20220428_173229_643-800x600.jpg 800w, https:\/\/www.glomeda.org\/wp-content\/uploads\/2022\/04\/IMG_20220428_173229_643-150x113.jpg 150w, https:\/\/www.glomeda.org\/wp-content\/uploads\/2022\/04\/IMG_20220428_173229_643-768x576.jpg 768w, https:\/\/www.glomeda.org\/wp-content\/uploads\/2022\/04\/IMG_20220428_173229_643.jpg 1280w\" sizes=\"auto, (max-width: 1024px) 100vw, 1024px\" \/><\/figure>\n\n\n\n<figure class=\"wp-block-image size-large\"><img loading=\"lazy\" decoding=\"async\" width=\"1024\" height=\"768\" data-id=\"574\" src=\"https:\/\/www.glomeda.org\/wp-content\/uploads\/2022\/04\/IMG_20220428_173227_744-1024x768.jpg\" alt=\"\" class=\"wp-image-574\" srcset=\"https:\/\/www.glomeda.org\/wp-content\/uploads\/2022\/04\/IMG_20220428_173227_744-1024x768.jpg 1024w, https:\/\/www.glomeda.org\/wp-content\/uploads\/2022\/04\/IMG_20220428_173227_744-800x600.jpg 800w, https:\/\/www.glomeda.org\/wp-content\/uploads\/2022\/04\/IMG_20220428_173227_744-150x113.jpg 150w, https:\/\/www.glomeda.org\/wp-content\/uploads\/2022\/04\/IMG_20220428_173227_744-768x576.jpg 768w, https:\/\/www.glomeda.org\/wp-content\/uploads\/2022\/04\/IMG_20220428_173227_744.jpg 1280w\" sizes=\"auto, (max-width: 1024px) 100vw, 1024px\" \/><\/figure>\n<\/figure>\n\n\n\n<p><strong>Jesi<\/strong> &#8211; Lo spezzone del corteo che si \u00e8 mosso da Piazza Pergolesi, dietro lo striscione del <strong>centro sociale Tnt<\/strong><em> &#8216;Resistenza contro la guerra. Stop Nato, riarmo e spese militari&#8217;<\/em>, ha ribadito con forza come in questo momento particolare,<strong> la nostra attenzione non pu\u00f2 non rivolgersi a quanto sta accadendo in Ucraina<\/strong>, dove la guerra in corso sta colpendo persone civili incolpevoli, i primi \u2013 come in ogni guerra &#8211; a farne le spese.<br>Ai bombardamenti che provocano morti, feriti e distruzioni in questi due mesi <strong>si \u00e8 affiancato un altro bombardamento, quello mediatico<\/strong>, che non rivolge parole ad un impegno concreto in favore della pace, ma sostiene con insistenza l\u2019aumento delle spese militari, l\u2019invio di armi per il prosieguo di una guerra incessante. <strong>Una guerra tra due imperialismi<\/strong>, tra potenze capitalistiche per affermare il primato dell\u2019una sull\u2019altra.<\/p>\n\n\n\n<figure class=\"wp-block-gallery has-nested-images columns-default is-cropped wp-block-gallery-3 is-layout-flex wp-block-gallery-is-layout-flex\">\n<figure class=\"wp-block-image size-large\"><img loading=\"lazy\" decoding=\"async\" width=\"1024\" height=\"498\" data-id=\"578\" src=\"https:\/\/www.glomeda.org\/wp-content\/uploads\/2022\/04\/IMG_20220428_173237_957-1024x498.jpg\" alt=\"\" class=\"wp-image-578\" srcset=\"https:\/\/www.glomeda.org\/wp-content\/uploads\/2022\/04\/IMG_20220428_173237_957-1024x498.jpg 1024w, https:\/\/www.glomeda.org\/wp-content\/uploads\/2022\/04\/IMG_20220428_173237_957-800x389.jpg 800w, https:\/\/www.glomeda.org\/wp-content\/uploads\/2022\/04\/IMG_20220428_173237_957-150x73.jpg 150w, https:\/\/www.glomeda.org\/wp-content\/uploads\/2022\/04\/IMG_20220428_173237_957-768x373.jpg 768w, https:\/\/www.glomeda.org\/wp-content\/uploads\/2022\/04\/IMG_20220428_173237_957.jpg 1280w\" sizes=\"auto, (max-width: 1024px) 100vw, 1024px\" \/><\/figure>\n\n\n\n<figure class=\"wp-block-image size-large\"><img loading=\"lazy\" decoding=\"async\" width=\"1024\" height=\"498\" data-id=\"575\" src=\"https:\/\/www.glomeda.org\/wp-content\/uploads\/2022\/04\/IMG_20220428_173239_327-1024x498.jpg\" alt=\"\" class=\"wp-image-575\" srcset=\"https:\/\/www.glomeda.org\/wp-content\/uploads\/2022\/04\/IMG_20220428_173239_327-1024x498.jpg 1024w, https:\/\/www.glomeda.org\/wp-content\/uploads\/2022\/04\/IMG_20220428_173239_327-800x389.jpg 800w, https:\/\/www.glomeda.org\/wp-content\/uploads\/2022\/04\/IMG_20220428_173239_327-150x73.jpg 150w, https:\/\/www.glomeda.org\/wp-content\/uploads\/2022\/04\/IMG_20220428_173239_327-768x373.jpg 768w, https:\/\/www.glomeda.org\/wp-content\/uploads\/2022\/04\/IMG_20220428_173239_327.jpg 1280w\" sizes=\"auto, (max-width: 1024px) 100vw, 1024px\" \/><\/figure>\n\n\n\n<figure class=\"wp-block-image size-large\"><img loading=\"lazy\" decoding=\"async\" width=\"1024\" height=\"498\" data-id=\"576\" src=\"https:\/\/www.glomeda.org\/wp-content\/uploads\/2022\/04\/IMG_20220428_173240_768-1024x498.jpg\" alt=\"\" class=\"wp-image-576\" srcset=\"https:\/\/www.glomeda.org\/wp-content\/uploads\/2022\/04\/IMG_20220428_173240_768-1024x498.jpg 1024w, https:\/\/www.glomeda.org\/wp-content\/uploads\/2022\/04\/IMG_20220428_173240_768-800x389.jpg 800w, https:\/\/www.glomeda.org\/wp-content\/uploads\/2022\/04\/IMG_20220428_173240_768-150x73.jpg 150w, https:\/\/www.glomeda.org\/wp-content\/uploads\/2022\/04\/IMG_20220428_173240_768-768x373.jpg 768w, https:\/\/www.glomeda.org\/wp-content\/uploads\/2022\/04\/IMG_20220428_173240_768.jpg 1280w\" sizes=\"auto, (max-width: 1024px) 100vw, 1024px\" \/><\/figure>\n\n\n\n<figure class=\"wp-block-image size-large\"><img loading=\"lazy\" decoding=\"async\" width=\"1024\" height=\"498\" data-id=\"577\" src=\"https:\/\/www.glomeda.org\/wp-content\/uploads\/2022\/04\/IMG_20220428_173242_540-1024x498.jpg\" alt=\"\" class=\"wp-image-577\" srcset=\"https:\/\/www.glomeda.org\/wp-content\/uploads\/2022\/04\/IMG_20220428_173242_540-1024x498.jpg 1024w, https:\/\/www.glomeda.org\/wp-content\/uploads\/2022\/04\/IMG_20220428_173242_540-800x389.jpg 800w, https:\/\/www.glomeda.org\/wp-content\/uploads\/2022\/04\/IMG_20220428_173242_540-150x73.jpg 150w, https:\/\/www.glomeda.org\/wp-content\/uploads\/2022\/04\/IMG_20220428_173242_540-768x373.jpg 768w, https:\/\/www.glomeda.org\/wp-content\/uploads\/2022\/04\/IMG_20220428_173242_540.jpg 1280w\" sizes=\"auto, (max-width: 1024px) 100vw, 1024px\" \/><\/figure>\n<\/figure>\n\n\n\n<p><strong>Fabriano<\/strong> &#8211; Un corteo numeroso ha percorso le vie del centro cittadino al grido<em> &#8216;N\u00e9 con la Russia, n\u00e9 con la Nato, contro la guerra tra ogni stato&#8217;<\/em> per ribadire <strong>la ferma contrariet\u00e0 all&#8217;invio di armi<\/strong> in Ucraina e all&#8217;aumento delle spese militari.<br>La giornata \u00e8 continuata con un pranzo antifascista al <strong>Laboratorio Sociale Fabbri <\/strong>che ha visto la presenza di tantissime persone, segno tangibile e prezioso, non solo della voglia di ritrovarsi a festeggiare il 25 aprile, ma <strong>anche della necessit\u00e0 di prendere parola in modo chiaro e netto contro questa guerra e contro ogni tentativo di arruolamento<\/strong> in una campagna bellica e bellicista tanto pericolosa quanto insopportabile.<\/p>\n\n\n\n<figure class=\"wp-block-gallery has-nested-images columns-default is-cropped wp-block-gallery-4 is-layout-flex wp-block-gallery-is-layout-flex\">\n<figure class=\"wp-block-image size-large\"><img loading=\"lazy\" decoding=\"async\" width=\"1024\" height=\"682\" data-id=\"579\" src=\"https:\/\/www.glomeda.org\/wp-content\/uploads\/2022\/04\/IMG_20220428_173245_932-1024x682.jpg\" alt=\"\" class=\"wp-image-579\" srcset=\"https:\/\/www.glomeda.org\/wp-content\/uploads\/2022\/04\/IMG_20220428_173245_932-1024x682.jpg 1024w, https:\/\/www.glomeda.org\/wp-content\/uploads\/2022\/04\/IMG_20220428_173245_932-800x533.jpg 800w, https:\/\/www.glomeda.org\/wp-content\/uploads\/2022\/04\/IMG_20220428_173245_932-150x100.jpg 150w, https:\/\/www.glomeda.org\/wp-content\/uploads\/2022\/04\/IMG_20220428_173245_932-768x512.jpg 768w, https:\/\/www.glomeda.org\/wp-content\/uploads\/2022\/04\/IMG_20220428_173245_932.jpg 1280w\" sizes=\"auto, (max-width: 1024px) 100vw, 1024px\" \/><\/figure>\n\n\n\n<figure class=\"wp-block-image size-large\"><img loading=\"lazy\" decoding=\"async\" width=\"1024\" height=\"682\" data-id=\"581\" src=\"https:\/\/www.glomeda.org\/wp-content\/uploads\/2022\/04\/IMG_20220428_173248_601-1024x682.jpg\" alt=\"\" class=\"wp-image-581\" srcset=\"https:\/\/www.glomeda.org\/wp-content\/uploads\/2022\/04\/IMG_20220428_173248_601-1024x682.jpg 1024w, https:\/\/www.glomeda.org\/wp-content\/uploads\/2022\/04\/IMG_20220428_173248_601-800x533.jpg 800w, https:\/\/www.glomeda.org\/wp-content\/uploads\/2022\/04\/IMG_20220428_173248_601-150x100.jpg 150w, https:\/\/www.glomeda.org\/wp-content\/uploads\/2022\/04\/IMG_20220428_173248_601-768x512.jpg 768w, https:\/\/www.glomeda.org\/wp-content\/uploads\/2022\/04\/IMG_20220428_173248_601.jpg 1280w\" sizes=\"auto, (max-width: 1024px) 100vw, 1024px\" \/><\/figure>\n\n\n\n<figure class=\"wp-block-image size-large\"><img loading=\"lazy\" decoding=\"async\" width=\"1024\" height=\"682\" data-id=\"582\" src=\"https:\/\/www.glomeda.org\/wp-content\/uploads\/2022\/04\/IMG_20220428_173250_057-1024x682.jpg\" alt=\"\" class=\"wp-image-582\" srcset=\"https:\/\/www.glomeda.org\/wp-content\/uploads\/2022\/04\/IMG_20220428_173250_057-1024x682.jpg 1024w, https:\/\/www.glomeda.org\/wp-content\/uploads\/2022\/04\/IMG_20220428_173250_057-800x533.jpg 800w, https:\/\/www.glomeda.org\/wp-content\/uploads\/2022\/04\/IMG_20220428_173250_057-150x100.jpg 150w, https:\/\/www.glomeda.org\/wp-content\/uploads\/2022\/04\/IMG_20220428_173250_057-768x512.jpg 768w, https:\/\/www.glomeda.org\/wp-content\/uploads\/2022\/04\/IMG_20220428_173250_057.jpg 1280w\" sizes=\"auto, (max-width: 1024px) 100vw, 1024px\" \/><\/figure>\n\n\n\n<figure class=\"wp-block-image size-large\"><img decoding=\"async\" data-id=\"580\" src=\"https:\/\/www.glomeda.org\/wp-content\/uploads\/2022\/04\/IMG_20220428_173251_971-1024x576.jpg\" alt=\"\" class=\"wp-image-580\"\/><\/figure>\n<\/figure>\n\n\n\n<p><strong>Senigallia<\/strong> &#8211; Una piazza gremita per celebrare la liberazione dal nazifascismo. Una piazza autonoma e indipendente da quella lugubre, ipocrita e per niente partecipata che ha messo in campo la maggioranza del sindaco Olivetti dopo la figuraccia dello scorso anno. <strong>Una piazza che ha parlato di pace e disarmo<\/strong>, mettendo al centro l&#8217;articolo 11 della Costituzione italiana e le profetiche parole del partigiano socialista Pertini: <em>&#8220;Svuotare gli arsenali, riempire i granai&#8221;<\/em>.<br><strong>Un urlo di grande attualit\u00e0 contro il Governo Draghi<\/strong> che toglie soldi pubblici alla scuola, alla sanit\u00e0 e ai servizi per riversarli in una nuova folle e criminale corsa al riarmo. L&#8217;imperialismo putiniano non \u00e8 che l&#8217;altra faccia dell&#8217;imperialismo atlantico. L\u2019unica scelta possibile \u00e8 opporsi ad entrambe.<\/p>\n\n\n\n<figure class=\"wp-block-gallery has-nested-images columns-default is-cropped wp-block-gallery-5 is-layout-flex wp-block-gallery-is-layout-flex\">\n<figure class=\"wp-block-image size-large\"><img decoding=\"async\" data-id=\"584\" src=\"https:\/\/www.glomeda.org\/wp-content\/uploads\/2022\/04\/IMG_20220428_173254_716-1024x460.jpg\" alt=\"\" class=\"wp-image-584\"\/><\/figure>\n\n\n\n<figure class=\"wp-block-image size-large\"><img loading=\"lazy\" decoding=\"async\" width=\"1024\" height=\"460\" data-id=\"586\" src=\"https:\/\/www.glomeda.org\/wp-content\/uploads\/2022\/04\/IMG_20220428_173257_772-1024x460.jpg\" alt=\"\" class=\"wp-image-586\" srcset=\"https:\/\/www.glomeda.org\/wp-content\/uploads\/2022\/04\/IMG_20220428_173257_772-1024x460.jpg 1024w, https:\/\/www.glomeda.org\/wp-content\/uploads\/2022\/04\/IMG_20220428_173257_772-800x359.jpg 800w, https:\/\/www.glomeda.org\/wp-content\/uploads\/2022\/04\/IMG_20220428_173257_772-150x67.jpg 150w, https:\/\/www.glomeda.org\/wp-content\/uploads\/2022\/04\/IMG_20220428_173257_772-768x345.jpg 768w, https:\/\/www.glomeda.org\/wp-content\/uploads\/2022\/04\/IMG_20220428_173257_772.jpg 1280w\" sizes=\"auto, (max-width: 1024px) 100vw, 1024px\" \/><\/figure>\n\n\n\n<figure class=\"wp-block-image size-large\"><img decoding=\"async\" data-id=\"598\" src=\"https:\/\/www.glomeda.org\/wp-content\/uploads\/2022\/04\/FB_IMG_1651162152299-1024x461.jpg\" alt=\"\" class=\"wp-image-598\"\/><\/figure>\n\n\n\n<figure class=\"wp-block-image size-large\"><img decoding=\"async\" data-id=\"583\" src=\"https:\/\/www.glomeda.org\/wp-content\/uploads\/2022\/04\/IMG_20220428_173304_992-1024x460.jpg\" alt=\"\" class=\"wp-image-583\"\/><\/figure>\n<\/figure>\n\n\n\n<p><strong>Civitanova Marche<\/strong> &#8211; <em>&#8216;Onore e gloria eterna ai partigiani&#8217; <\/em> le compagne e i compagni dell&#8217;<strong>Officina Popolare Jolly Roger<\/strong> hanno invitato a un momento di commemorazione di fronte alla lapide in ricordo dei caduti nel cimitero comunale di San Marone. <\/p>\n\n\n\n<p><strong>Porto San Giorgio<\/strong> &#8211; Anche in questo 25 Aprile l\u2019appuntamento era in un luogo simbolo della Resistenza al fascismo in citt\u00e0, dove il 13 Giugno 1944,<strong> Umberto Cerretani sub\u00ec un agguato<\/strong> sei giorni prima della liberazione della citt\u00e0. Quest&#8217;anno \u00e8 stato un momento ancora pi\u00f9 carico di significati e riflessioni. Uno dei motivi storici e politici della scarsa memoria su questa vicenda \u00e8 rappresentato dal fatto che quel giovane di 27 anni, ucciso alle spalle, era un militare disertore. <strong>Una storia che ci parla del nostro presente in cui l\u2019unica scelta possibile e necessaria \u00e8 la diserzione<\/strong> alla loro guerra, il sabotaggio alla loro macchina bellica fatta di propaganda, riarmo e aumento delle spese militari.<\/p>\n\n\n\n<figure class=\"wp-block-gallery has-nested-images columns-default is-cropped wp-block-gallery-6 is-layout-flex wp-block-gallery-is-layout-flex\">\n<figure class=\"wp-block-image size-large\"><img loading=\"lazy\" decoding=\"async\" width=\"1024\" height=\"768\" data-id=\"590\" src=\"https:\/\/www.glomeda.org\/wp-content\/uploads\/2022\/04\/IMG_20220428_173307_221-1024x768.jpg\" alt=\"\" class=\"wp-image-590\" srcset=\"https:\/\/www.glomeda.org\/wp-content\/uploads\/2022\/04\/IMG_20220428_173307_221-1024x768.jpg 1024w, https:\/\/www.glomeda.org\/wp-content\/uploads\/2022\/04\/IMG_20220428_173307_221-800x600.jpg 800w, https:\/\/www.glomeda.org\/wp-content\/uploads\/2022\/04\/IMG_20220428_173307_221-150x113.jpg 150w, https:\/\/www.glomeda.org\/wp-content\/uploads\/2022\/04\/IMG_20220428_173307_221-768x576.jpg 768w, https:\/\/www.glomeda.org\/wp-content\/uploads\/2022\/04\/IMG_20220428_173307_221.jpg 1280w\" sizes=\"auto, (max-width: 1024px) 100vw, 1024px\" \/><\/figure>\n\n\n\n<figure class=\"wp-block-image size-large\"><img loading=\"lazy\" decoding=\"async\" width=\"1024\" height=\"536\" data-id=\"589\" src=\"https:\/\/www.glomeda.org\/wp-content\/uploads\/2022\/04\/IMG_20220428_173309_518-1024x536.jpg\" alt=\"\" class=\"wp-image-589\" srcset=\"https:\/\/www.glomeda.org\/wp-content\/uploads\/2022\/04\/IMG_20220428_173309_518-1024x536.jpg 1024w, https:\/\/www.glomeda.org\/wp-content\/uploads\/2022\/04\/IMG_20220428_173309_518-800x419.jpg 800w, https:\/\/www.glomeda.org\/wp-content\/uploads\/2022\/04\/IMG_20220428_173309_518-150x79.jpg 150w, https:\/\/www.glomeda.org\/wp-content\/uploads\/2022\/04\/IMG_20220428_173309_518-768x402.jpg 768w, https:\/\/www.glomeda.org\/wp-content\/uploads\/2022\/04\/IMG_20220428_173309_518-390x205.jpg 390w, https:\/\/www.glomeda.org\/wp-content\/uploads\/2022\/04\/IMG_20220428_173309_518.jpg 1280w\" sizes=\"auto, (max-width: 1024px) 100vw, 1024px\" \/><\/figure>\n\n\n\n<figure class=\"wp-block-image size-large\"><img loading=\"lazy\" decoding=\"async\" width=\"1024\" height=\"782\" data-id=\"588\" src=\"https:\/\/www.glomeda.org\/wp-content\/uploads\/2022\/04\/IMG_20220428_173311_449.jpg\" alt=\"\" class=\"wp-image-588\" srcset=\"https:\/\/www.glomeda.org\/wp-content\/uploads\/2022\/04\/IMG_20220428_173311_449.jpg 1024w, https:\/\/www.glomeda.org\/wp-content\/uploads\/2022\/04\/IMG_20220428_173311_449-800x611.jpg 800w, https:\/\/www.glomeda.org\/wp-content\/uploads\/2022\/04\/IMG_20220428_173311_449-150x115.jpg 150w, https:\/\/www.glomeda.org\/wp-content\/uploads\/2022\/04\/IMG_20220428_173311_449-768x587.jpg 768w\" sizes=\"auto, (max-width: 1024px) 100vw, 1024px\" \/><\/figure>\n\n\n\n<figure class=\"wp-block-image size-large\"><img decoding=\"async\" data-id=\"587\" src=\"https:\/\/www.glomeda.org\/wp-content\/uploads\/2022\/04\/FB_IMG_1651159104999-1024x768.jpg\" alt=\"\" class=\"wp-image-587\"\/><\/figure>\n<\/figure>\n","protected":false},"excerpt":{"rendered":"<p>&#8216;Disertiamo la guerra, pratichiamo resistenza&#8217;. La giornata del 25 aprile nelle Marche, un resoconto delle iniziative che hanno avuto luogo<\/p>\n","protected":false},"author":1,"featured_media":592,"comment_status":"closed","ping_status":"closed","sticky":false,"template":"","format":"standard","meta":{"colormag_page_container_layout":"default_layout","colormag_page_sidebar_layout":"default_layout","h5ap_radio_sources":[],"wp_social_preview_title":"","wp_social_preview_description":"","wp_social_preview_image":0,"footnotes":""},"categories":[17,58,8],"tags":[68,66,70,33,69,71,35,32,67],"class_list":["post-565","post","type-post","status-publish","format-standard","has-post-thumbnail","hentry","category-antifascismo","category-guerra-in-ucraina","category-in-evidenza","tag-25-aprile","tag-antifascismo","tag-disertiamo","tag-diserzione","tag-festa-della-liberazione","tag-guerra","tag-guerra-in-ucraina","tag-no-war","tag-resistenza"],"_links":{"self":[{"href":"https:\/\/www.glomeda.org\/index.php\/wp-json\/wp\/v2\/posts\/565","targetHints":{"allow":["GET"]}}],"collection":[{"href":"https:\/\/www.glomeda.org\/index.php\/wp-json\/wp\/v2\/posts"}],"about":[{"href":"https:\/\/www.glomeda.org\/index.php\/wp-json\/wp\/v2\/types\/post"}],"author":[{"embeddable":true,"href":"https:\/\/www.glomeda.org\/index.php\/wp-json\/wp\/v2\/users\/1"}],"replies":[{"embeddable":true,"href":"https:\/\/www.glomeda.org\/index.php\/wp-json\/wp\/v2\/comments?post=565"}],"version-history":[{"count":5,"href":"https:\/\/www.glomeda.org\/index.php\/wp-json\/wp\/v2\/posts\/565\/revisions"}],"predecessor-version":[{"id":599,"href":"https:\/\/www.glomeda.org\/index.php\/wp-json\/wp\/v2\/posts\/565\/revisions\/599"}],"wp:featuredmedia":[{"embeddable":true,"href":"https:\/\/www.glomeda.org\/index.php\/wp-json\/wp\/v2\/media\/592"}],"wp:attachment":[{"href":"https:\/\/www.glomeda.org\/index.php\/wp-json\/wp\/v2\/media?parent=565"}],"wp:term":[{"taxonomy":"category","embeddable":true,"href":"https:\/\/www.glomeda.org\/index.php\/wp-json\/wp\/v2\/categories?post=565"},{"taxonomy":"post_tag","embeddable":true,"href":"https:\/\/www.glomeda.org\/index.php\/wp-json\/wp\/v2\/tags?post=565"}],"curies":[{"name":"wp","href":"https:\/\/api.w.org\/{rel}","templated":true}]}}