{"id":5599,"date":"2025-09-17T18:21:56","date_gmt":"2025-09-17T16:21:56","guid":{"rendered":"https:\/\/www.glomeda.org\/?p=5599"},"modified":"2025-09-19T12:13:17","modified_gmt":"2025-09-19T10:13:17","slug":"22-settembre-sciopero-generale-e-blocco-del-porto","status":"publish","type":"post","link":"https:\/\/www.glomeda.org\/index.php\/2025\/09\/17\/22-settembre-sciopero-generale-e-blocco-del-porto\/","title":{"rendered":"22 settembre: sciopero generale e blocco del porto"},"content":{"rendered":"\n<h6 class=\"wp-block-heading\"><strong><em>Report delle assemblee tenutesi in vista della giornata di mobilitazione del 22 settembre a fianco del popolo palestinese e della Global Sumud Flotilla<\/em><\/strong><\/h6>\n\n\n\n<p>Sintetizziamo di seguito quanto emerso come <strong>proposte e contenuti condivisi dalle assemblee territoriali<\/strong> che si sono tenute luned\u00ec 15 settembre <strong>e dall&#8217;assemblea conclusiva<\/strong> tenutasi marted\u00ec 16 settembre presso l\u2019<em>Ambasciata dei Diritti<\/em> di Ancona: nell&#8217;assemblea conclusiva \u00e8 intervenuto anche <strong>un rappresentante del<em> Calp<\/em> di Genova<\/strong>, che ha comunicato gli ultimi aggiornamenti e, soprattutto, la vicinanza dei camalli genovesi al percorso che stiamo realizzando e alle iniziative che stanno proliferando nei territori.<\/p>\n\n\n\n<p>Crediamo che la sintesi possa essere sostanzialmente raccolta nei seguenti 5 punti.<\/p>\n\n\n\n<p><strong>1.<\/strong> Lo sciopero generale del 22 settembre rappresenta <strong>un prioritario ed irrinunciabile spazio di azione per le pratiche di solidariet\u00e0 attiva a fianco della popolazione palestinese.<\/strong> La gravissima e costante precipitazione degli eventi a cui stiamo assistendo impone un salto di qualit\u00e0 nelle mobilitazioni e la necessit\u00e0 di oltrepassare il piano meramente simbolico e testimoniale a vantaggio di <strong>iniziative in grado di incidere concretamente nella realt\u00e0 materiale del traffico di armi verso Israele, della evidente complicit\u00e0 di istituzioni e organizzazioni economiche, degli interessi che i responsabili del genocidio nutrono anche nei nostri territori. <\/strong>L\u2019appello con cui i camalli di Genova hanno lanciato il blocco dei flussi e delle attivit\u00e0 portuali a tutela della <em>Global Sumud Flotilla <\/em>e l\u2019indizione dello sciopero generale da parte di <em>Usb<\/em> per il 22 settembre, vanno esattamente in questa direzione. Per questo <strong>riteniamo che l\u2019appello lanciato dal <em>Calp<\/em> di Genova<\/strong> nell\u2019ambito dello sciopero generale del 22 settembre <strong>vada accolto e praticato anche nel territorio marchigiano<\/strong>, il che significa chiaramente assumere senza tentennamenti che il 22 settembre anche<strong> il porto di Ancona dovr\u00e0 essere annoverato tra quelli interessati dalle azioni di blocco<\/strong>;\u00a0<\/p>\n\n\n\n<p><strong>2.<\/strong> Le azioni di blocco del porto cos\u00ec come le mobilitazioni che seguiranno hanno come <strong>primaria finalit\u00e0 quella di promuovere e sostenere l\u2019azione della <em>Global Sumud Flotilla<\/em> e di agire concretamente dalla parte della resistenza palestinese contro l\u2019occupazione dei territori palestinesi, il genocidio perpetrato dallo stato illegittimo di Israele, l\u2019utilizzo dell\u2019assedio<\/strong> <strong>con la privazione dei beni primari per la sopravvivenza come strumento per piegare la volont\u00e0 e la resistenza della popolazione<\/strong>;<\/p>\n\n\n\n<p><strong>3.<\/strong> Il 22 settembre l\u2019iniziativa al porto si svolger\u00e0 secondo queste modalit\u00e0. <strong>L\u2019appuntamento per il concentramento \u00e8 alle ore 17,30<\/strong> <strong>nell\u2019area antistante l\u2019ingresso alla Mole Vanvitelliana (lato ex Fiera della Pesca, davanti al bar Bacc\u00e0).<\/strong> \u00c8 importante essere puntuali, quindi cerchiamo di affluire sin dalle 17. Il concentramento gi\u00e0 nel corso della sua composizione costituir\u00e0 un primo presidio all&#8217;interno dell\u2019area portuale. Il concentramento \u00e8 stato regolarmente comunicato alle autorit\u00e0 competenti, quindi non sussistono problematiche per raggiungerlo e per parteciparvi. <strong>Successivamente, con chiunque sceglier\u00e0 di farlo, ci sposteremo all&#8217;imbocco alla principale via di accesso al porto, dove stazioneremo dando seguito a quanto gi\u00e0 dichiarato pubblicamente.<\/strong> Resteremo sul posto per il tempo che decideremo insieme nel corso dell&#8217;iniziativa: \u00e8 importante coordinare il momento conclusivo dell&#8217;azione per spostarci insieme ed evitare che il blocco si assottigli con allontanamenti alla spicciolata. Sar\u00e0 presente un furgone dotato di impianto di amplificazione per diffondere musica e interventi. Visto che stazioneremo per un tempo prolungato e che ci troveremo in un punto ben visibile anche dalla principale via di accesso alla citt\u00e0, cerchiamo di portare cartelli, striscioni, materiale visibile e comunicativo.<\/p>\n\n\n\n<p><strong>4.<\/strong> <strong>Deve essere ribadita l&#8217;importanza dell&#8217;indizione dello sciopero generale per l&#8217;intera giornata del 22 settembre nella prospettiva di dare copertura a tutte le lavoratrici e tutti i lavoratori che vorranno scioperare e partecipare alle iniziative di mobilitazione.<\/strong> Allo stesso modo <strong>devono, invece, essere stigmatizzate le scelte di quelle organizzazioni sindacali che<\/strong>, anzich\u00e9 unirsi alla giornata di sciopero generale in un&#8217;ottica di potenziamento dell&#8217;azione collettiva, <strong>hanno fatto prevalere logiche particolaristiche e di autorappresentazione<\/strong>, evidentemente dannose sul versante della causa comune a cui le mobilitazioni sono finalizzate;&nbsp;<\/p>\n\n\n\n<p><strong>5.<\/strong> <strong>Il movimento globale in solidariet\u00e0 con la causa palestinese ha condotto l&#8217;entit\u00e0 sionista all&#8217;isolamento internazionale e ha aperto grandi contraddizioni nei paesi occidentali che ancora la sostengono: abbiamo alla portata la possibilit\u00e0 concreta di incidere su rapporti di forza che ritenevamo insuperabili. <\/strong>Ancora una volta la realt\u00e0 materiale, quella che davvero attraversa e coinvolge le nostre vite, rende evidente, nonostante l&#8217;uso sistematico della propaganda e della censura, che <strong>sono i movimenti a cambiare la Storia, sia quella con la esse maiuscola che quella con la esse minuscola della nostra quotidianit\u00e0.<\/strong> Per questo vogliamo esserci e ci saremo, ieri come oggi, oggi come domani.<\/p>\n\n\n\n<p><strong><em>Centri Sociali Marche &#8211; Assemblea del 16 settembre 2025<\/em><\/strong><\/p>\n","protected":false},"excerpt":{"rendered":"<p>Report delle assemblee tenutesi in vista della giornata di mobilitazione del 22 settembre a fianco del popolo palestinese e della<\/p>\n","protected":false},"author":1,"featured_media":5602,"comment_status":"closed","ping_status":"closed","sticky":false,"template":"","format":"standard","meta":{"colormag_page_container_layout":"default_layout","colormag_page_sidebar_layout":"default_layout","h5ap_radio_sources":[],"wp_social_preview_title":"","wp_social_preview_description":"","wp_social_preview_image":0,"footnotes":""},"categories":[8,15,245],"tags":[246],"class_list":["post-5599","post","type-post","status-publish","format-standard","has-post-thumbnail","hentry","category-in-evidenza","category-internazionale","category-palestina-libera","tag-free-palestine"],"_links":{"self":[{"href":"https:\/\/www.glomeda.org\/index.php\/wp-json\/wp\/v2\/posts\/5599","targetHints":{"allow":["GET"]}}],"collection":[{"href":"https:\/\/www.glomeda.org\/index.php\/wp-json\/wp\/v2\/posts"}],"about":[{"href":"https:\/\/www.glomeda.org\/index.php\/wp-json\/wp\/v2\/types\/post"}],"author":[{"embeddable":true,"href":"https:\/\/www.glomeda.org\/index.php\/wp-json\/wp\/v2\/users\/1"}],"replies":[{"embeddable":true,"href":"https:\/\/www.glomeda.org\/index.php\/wp-json\/wp\/v2\/comments?post=5599"}],"version-history":[{"count":2,"href":"https:\/\/www.glomeda.org\/index.php\/wp-json\/wp\/v2\/posts\/5599\/revisions"}],"predecessor-version":[{"id":5627,"href":"https:\/\/www.glomeda.org\/index.php\/wp-json\/wp\/v2\/posts\/5599\/revisions\/5627"}],"wp:featuredmedia":[{"embeddable":true,"href":"https:\/\/www.glomeda.org\/index.php\/wp-json\/wp\/v2\/media\/5602"}],"wp:attachment":[{"href":"https:\/\/www.glomeda.org\/index.php\/wp-json\/wp\/v2\/media?parent=5599"}],"wp:term":[{"taxonomy":"category","embeddable":true,"href":"https:\/\/www.glomeda.org\/index.php\/wp-json\/wp\/v2\/categories?post=5599"},{"taxonomy":"post_tag","embeddable":true,"href":"https:\/\/www.glomeda.org\/index.php\/wp-json\/wp\/v2\/tags?post=5599"}],"curies":[{"name":"wp","href":"https:\/\/api.w.org\/{rel}","templated":true}]}}