{"id":5448,"date":"2025-07-28T11:00:00","date_gmt":"2025-07-28T09:00:00","guid":{"rendered":"https:\/\/www.glomeda.org\/?p=5448"},"modified":"2025-07-28T12:17:10","modified_gmt":"2025-07-28T10:17:10","slug":"progetto-edison-preavviso-di-rigetto-dalla-conferenza-dei-servizi-della-provincia","status":"publish","type":"post","link":"https:\/\/www.glomeda.org\/index.php\/2025\/07\/28\/progetto-edison-preavviso-di-rigetto-dalla-conferenza-dei-servizi-della-provincia\/","title":{"rendered":"Progetto Edison: preavviso di rigetto dalla conferenza dei servizi della Provincia"},"content":{"rendered":"\n<h6 class=\"wp-block-heading\"><strong><em>Comunicato stampa dell&#8217;Assemblea Permanente &#8220;Stop Edison&#8221;<\/em><\/strong><\/h6>\n\n\n\n<p><strong>Oggi, a conclusione dell\u2019<\/strong><a href=\"https:\/\/www.facebook.com\/Glomedanewsimaginary\/posts\/pfbid025fF23GhD3D2MQkpwQ33i2MWiMoJwsoAeudV5YpGGBjrouLJyAdPLLSQFjSB1ERRCl?__cft__[0]=AZWaW1RvyPBEzGTyc-6IRY_InVfa5rf_5TWJnSSxb-_Po2cR9HG1dIUkgjegitKlFOVgggZkcSdMC3ZGE5o11g1q3Mf7rKtZC-dcH9qO4DrO66XRoKmWtArdquLO_qXXh74gOks7DOfAxu11D3qQqSvMAJBKjV3Qn2LczaelTSWwmr7fEV04DesUwAynwK_El0M&amp;__tn__=%2CO%2CP-R\" data-type=\"link\" data-id=\"https:\/\/www.facebook.com\/Glomedanewsimaginary\/posts\/pfbid025fF23GhD3D2MQkpwQ33i2MWiMoJwsoAeudV5YpGGBjrouLJyAdPLLSQFjSB1ERRCl?__cft__[0]=AZWaW1RvyPBEzGTyc-6IRY_InVfa5rf_5TWJnSSxb-_Po2cR9HG1dIUkgjegitKlFOVgggZkcSdMC3ZGE5o11g1q3Mf7rKtZC-dcH9qO4DrO66XRoKmWtArdquLO_qXXh74gOks7DOfAxu11D3qQqSvMAJBKjV3Qn2LczaelTSWwmr7fEV04DesUwAynwK_El0M&amp;__tn__=%2CO%2CP-R\" target=\"_blank\" rel=\"noreferrer noopener\"><strong>ennesimo presidio<\/strong><\/a> organizzato davanti al Palazzo della Provincia dall\u2019<em>Assemblea Permanente \u201cStop Edison\u201d<\/em>, <strong>abbiamo appreso con grande soddisfazione della decisione della Conferenza dei Servizi di trasmettere a Edison il preavviso di rigetto delle autorizzazioni richieste.<\/strong><\/p>\n\n\n\n<p><strong>Si tratta di un passaggio importante per un duplice ordine di motivi.<\/strong> Innanzitutto <strong>perch\u00e8 il preavviso di rigetto va nella direzione giusta<\/strong>, ovvero quella di escludere la possibilit\u00e0 di realizzazione di un impianto destinato a compromettere gravemente il futuro della citt\u00e0 di Jesi e dei territori limitrofi, cos\u00ec come la salute e le condizioni di vita dei suoi abitanti. <\/p>\n\n\n\n<p>Ma si tratta di <strong>un risultato importante anche perch\u00e8 \u00e8 evidentemente il prodotto delle mobilitazioni, dell\u2019impegno e della tenacia di cittadine e cittadini che hanno deciso di autorganizzarsi ed assumere in prima persona gli oneri di una battaglia a tutela del proprio territorio e della propria comunit\u00e0<\/strong>, in un contesto in cui l\u2019iter amministrativo sul progetto Edison era gi\u00e0 troppo avanzato e non consentiva ulteriori incertezze e perdite di tempo.<\/p>\n\n\n\n<p><strong>Siamo fermamente convinte e convinti che in mancanza di una reale mobilitazione sociale, capace di esprimersi in autonomia, fuori da ogni burocrazia precostituita, gli esiti sarebbero stati ben diversi. <\/strong><\/p>\n\n\n\n<p><strong>Il valore del risultato ottenuto \u00e8, dunque, anche in questo, nell\u2019esperienza di democrazia dal basso, di solidariet\u00e0 e legame sociale <\/strong>che il percorso dell\u2019<em>Assemblea Permanente <\/em>ha rappresentato. Un patrimonio che resta vivo in questa battaglia e sar\u00e0 utile in tutte le altre che la comunit\u00e0 si trover\u00e0 ad affrontare.<\/p>\n\n\n\n<p><strong>Il valore dell\u2019attivismo sociale e del protagonismo popolare come garanzia del territorio <\/strong>non pu\u00f2 che essere parte integrante di un\u2019autentica democrazia partecipata. Allo stesso modo, negare questo valore o ignorarlo contro ogni evidenza, esprime una visione miope, in cui prevale l\u2019idea che la democrazia sia un problema di forma e non di viva sostanza. <\/p>\n\n\n\n<p>E\u2019, invece, proprio quella viva sostanza, quel pezzo di vita che ognuno, non senza sacrifici, ha condiviso con gli altri in un impegno comune, a consentirci oggi di dire che<strong> intanto un obiettivo \u00e8 stato raggiunto, un risultato \u00e8 stato conquistato, qualcosa del nostro futuro, fosse anche solo la spinta a continuare la nostra battaglia, \u00e8 stato messo al sicuro<\/strong>: ci siamo stati, ci siamo, continueremo ad esserci.<\/p>\n\n\n\n<p><strong><em>Assemblea Permanente &#8220;Stop Edison&#8221;<\/em><\/strong><\/p>\n\n\n\n<p><strong>&#8211; <a href=\"https:\/\/noimpiantoedisonjesi.noblogs.org\/post\/2025\/07\/25\/venerdi-25-luglio-2025-la-lotta-paga\" data-type=\"link\" data-id=\"https:\/\/noimpiantoedisonjesi.noblogs.org\/post\/2025\/07\/25\/venerdi-25-luglio-2025-la-lotta-paga\" target=\"_blank\" rel=\"noreferrer noopener\">Leggi sul blog dell&#8217;<em>Assemblea Permanente &#8220;Stop Edison&#8221;<\/em><\/a><\/strong><\/p>\n\n\n\n<p><strong>&#8211; <a href=\"https:\/\/www.glomeda.org\/index.php\/2025\/07\/28\/preavviso-di-rigetto-alla-edison-la-variabile-imprevista-dellopposizione-sociale\/\" data-type=\"link\" data-id=\"https:\/\/www.glomeda.org\/index.php\/2025\/07\/28\/preavviso-di-rigetto-alla-edison-la-variabile-imprevista-dellopposizione-sociale\/\">Il comunicato dello <em>Spazio Comune Autogestito Tnt<\/em><\/a><\/strong><\/p>\n","protected":false},"excerpt":{"rendered":"<p>Comunicato stampa dell&#8217;Assemblea Permanente &#8220;Stop Edison&#8221; Oggi, a conclusione dell\u2019ennesimo presidio organizzato davanti al Palazzo della Provincia dall\u2019Assemblea Permanente \u201cStop<\/p>\n","protected":false},"author":1,"featured_media":5449,"comment_status":"closed","ping_status":"closed","sticky":false,"template":"","format":"standard","meta":{"colormag_page_container_layout":"default_layout","colormag_page_sidebar_layout":"default_layout","h5ap_radio_sources":[],"wp_social_preview_title":"","wp_social_preview_description":"","wp_social_preview_image":0,"footnotes":""},"categories":[16,279],"tags":[],"class_list":["post-5448","post","type-post","status-publish","format-standard","has-post-thumbnail","hentry","category-ambiente","category-stop-edison"],"_links":{"self":[{"href":"https:\/\/www.glomeda.org\/index.php\/wp-json\/wp\/v2\/posts\/5448","targetHints":{"allow":["GET"]}}],"collection":[{"href":"https:\/\/www.glomeda.org\/index.php\/wp-json\/wp\/v2\/posts"}],"about":[{"href":"https:\/\/www.glomeda.org\/index.php\/wp-json\/wp\/v2\/types\/post"}],"author":[{"embeddable":true,"href":"https:\/\/www.glomeda.org\/index.php\/wp-json\/wp\/v2\/users\/1"}],"replies":[{"embeddable":true,"href":"https:\/\/www.glomeda.org\/index.php\/wp-json\/wp\/v2\/comments?post=5448"}],"version-history":[{"count":2,"href":"https:\/\/www.glomeda.org\/index.php\/wp-json\/wp\/v2\/posts\/5448\/revisions"}],"predecessor-version":[{"id":5452,"href":"https:\/\/www.glomeda.org\/index.php\/wp-json\/wp\/v2\/posts\/5448\/revisions\/5452"}],"wp:featuredmedia":[{"embeddable":true,"href":"https:\/\/www.glomeda.org\/index.php\/wp-json\/wp\/v2\/media\/5449"}],"wp:attachment":[{"href":"https:\/\/www.glomeda.org\/index.php\/wp-json\/wp\/v2\/media?parent=5448"}],"wp:term":[{"taxonomy":"category","embeddable":true,"href":"https:\/\/www.glomeda.org\/index.php\/wp-json\/wp\/v2\/categories?post=5448"},{"taxonomy":"post_tag","embeddable":true,"href":"https:\/\/www.glomeda.org\/index.php\/wp-json\/wp\/v2\/tags?post=5448"}],"curies":[{"name":"wp","href":"https:\/\/api.w.org\/{rel}","templated":true}]}}