{"id":5425,"date":"2025-07-21T18:55:11","date_gmt":"2025-07-21T16:55:11","guid":{"rendered":"https:\/\/www.glomeda.org\/?p=5425"},"modified":"2025-07-21T18:55:15","modified_gmt":"2025-07-21T16:55:15","slug":"senigallia-case-senza-gente-gente-senza-case-erap-secondo-step","status":"publish","type":"post","link":"https:\/\/www.glomeda.org\/index.php\/2025\/07\/21\/senigallia-case-senza-gente-gente-senza-case-erap-secondo-step\/","title":{"rendered":"Senigallia &#8211; Case senza gente. Gente senza case. Erap, secondo step"},"content":{"rendered":"\n<h6 class=\"wp-block-heading\"><em><strong>Il comunicato dello Spazio Autogestito Arvultura<\/strong><\/em><\/h6>\n\n\n\n<p>In via Strada Settima, nella zona di Cesano a Senigallia, sorgono alcune palazzine ERAP in fase di costruzione. Si parla di 44 appartamenti, lasciati degradare sotto il sole.<\/p>\n\n\n\n<p>Di quello che dovrebbe essere un progetto di edilizia pubblica, oggi rimane soltanto un cantiere abbandonato, con i lavori interrotti a met\u00e0. Il sito \u00e8 fermo da mesi, senza che siano stati forniti chiarimenti sul perch\u00e9.<\/p>\n\n\n\n<p>Mentre centinaia di cittadini continuano a restare intrappolati nelle graduatorie, attendendo una casa che gli spetta di diritto, ERAP spreca migliaia di euro \u2014 circa 18.000, come riportato dal Corriere Adriatico \u2014 in aperitivi sul mare e profumi da offrire ai partecipanti al convegno Federcasa.<\/p>\n\n\n\n<p>Per questo abbiamo deciso di affiggere uno striscione presso l\u2019area dei lavori in via Strada Settima, con la scritta: \u201c<em><strong>Della casa neanche il profumo. ERAP: 18.000 euro di vergogna<\/strong><\/em>.\u201d<\/p>\n\n\n\n<p>\u00c8 inaccettabile lasciare sospeso un progetto di edilizia residenziale pubblica senza fornire spiegazioni chiare e soprattutto senza comunicare se e quando ripartiranno gli interventi.<\/p>\n\n\n\n<p>Ancora pi\u00f9 grave \u00e8 il fatto che gli edifici inizialmente destinati ad alloggi popolari siano ora indirizzati al canone sociale, comportando un aumento dei costi e restringendo ulteriormente la platea di famiglie che potranno beneficiarne.<\/p>\n\n\n\n<p>Esigiamo da ERAP risposte pubbliche, trasparenti e concrete sulle questioni sollevate, evitando le vaghezze e le omissioni che, due settimane fa, ci sono state fornite dal Comune di Senigallia in merito agli appartamenti popolari sfitti e non assegnati.<\/p>\n\n\n\n<p>Il patrimonio dell\u2019edilizia pubblica non solo va preservato dal degrado e dall\u2019abbandono, ma deve essere potenziato per rispondere concretamente ai bisogni abitativi delle fasce pi\u00f9 fragili, sottraendole alla speculazione degli affitti\u2014spesso in nero\u2014che ne comprometterebbe ulteriormente la dignit\u00e0.<\/p>\n\n\n\n<p>Ci verr\u00e0 detto che mancano i fondi. Vero. Ma la responsabilit\u00e0 \u00e8 esclusivamente politica, e porta un nome ben preciso: Fratelli d\u2019Italia, al governo nazionale, regionale e comunale.<\/p>\n\n\n\n<p>Attendiamo che ERAP e la Giunta Olivetti battano un colpo. Sulle loro parole o sull\u2019assenza di esse, organizzeremo le prossime iniziative, perch\u00e9 la lotta per la casa non si ferma.<\/p>\n\n\n\n<p><em><strong>Spazio Comune Autogestito Arvultura<\/strong><\/em><\/p>\n\n\n\n<figure class=\"wp-block-video\"><video height=\"832\" style=\"aspect-ratio: 464 \/ 832;\" width=\"464\" controls src=\"https:\/\/www.glomeda.org\/wp-content\/uploads\/2025\/07\/VID-20250717-WA0066.mp4\"><\/video><\/figure>\n","protected":false},"excerpt":{"rendered":"<p>Il comunicato dello Spazio Autogestito Arvultura In via Strada Settima, nella zona di Cesano a Senigallia, sorgono alcune palazzine ERAP<\/p>\n","protected":false},"author":1,"featured_media":5427,"comment_status":"closed","ping_status":"closed","sticky":false,"template":"","format":"standard","meta":{"colormag_page_container_layout":"default_layout","colormag_page_sidebar_layout":"default_layout","h5ap_radio_sources":[],"wp_social_preview_title":"","wp_social_preview_description":"","wp_social_preview_image":0,"footnotes":""},"categories":[256],"tags":[258],"class_list":["post-5425","post","type-post","status-publish","format-standard","has-post-thumbnail","hentry","category-diritto-alla-casa-diritto-alla-citta","tag-diritto-alla-casa"],"_links":{"self":[{"href":"https:\/\/www.glomeda.org\/index.php\/wp-json\/wp\/v2\/posts\/5425","targetHints":{"allow":["GET"]}}],"collection":[{"href":"https:\/\/www.glomeda.org\/index.php\/wp-json\/wp\/v2\/posts"}],"about":[{"href":"https:\/\/www.glomeda.org\/index.php\/wp-json\/wp\/v2\/types\/post"}],"author":[{"embeddable":true,"href":"https:\/\/www.glomeda.org\/index.php\/wp-json\/wp\/v2\/users\/1"}],"replies":[{"embeddable":true,"href":"https:\/\/www.glomeda.org\/index.php\/wp-json\/wp\/v2\/comments?post=5425"}],"version-history":[{"count":1,"href":"https:\/\/www.glomeda.org\/index.php\/wp-json\/wp\/v2\/posts\/5425\/revisions"}],"predecessor-version":[{"id":5428,"href":"https:\/\/www.glomeda.org\/index.php\/wp-json\/wp\/v2\/posts\/5425\/revisions\/5428"}],"wp:featuredmedia":[{"embeddable":true,"href":"https:\/\/www.glomeda.org\/index.php\/wp-json\/wp\/v2\/media\/5427"}],"wp:attachment":[{"href":"https:\/\/www.glomeda.org\/index.php\/wp-json\/wp\/v2\/media?parent=5425"}],"wp:term":[{"taxonomy":"category","embeddable":true,"href":"https:\/\/www.glomeda.org\/index.php\/wp-json\/wp\/v2\/categories?post=5425"},{"taxonomy":"post_tag","embeddable":true,"href":"https:\/\/www.glomeda.org\/index.php\/wp-json\/wp\/v2\/tags?post=5425"}],"curies":[{"name":"wp","href":"https:\/\/api.w.org\/{rel}","templated":true}]}}