{"id":536,"date":"2022-04-27T12:27:00","date_gmt":"2022-04-27T10:27:00","guid":{"rendered":"https:\/\/www.glomeda.org\/?p=536"},"modified":"2022-04-28T17:58:47","modified_gmt":"2022-04-28T15:58:47","slug":"carovana-madres2022-intervista-a-ulises-gorini","status":"publish","type":"post","link":"https:\/\/www.glomeda.org\/index.php\/2022\/04\/27\/carovana-madres2022-intervista-a-ulises-gorini\/","title":{"rendered":"Carovana Madres2022 &#8211; Intervista a Ulises Gorini"},"content":{"rendered":"\n<p><em>Buenos Aires, 26 aprile 2022<\/em> &#8211; Si \u00e8 riunita oggi per le strade di Buenos Aires la carovana italiana organizzata in occasione dei 45 anni dalla prima manifestazione de <em>Las Madres de Plaza de Mayo<\/em>. Abbiamo fatto <strong>il primo incontro presso la sede dell\u2019associazione<\/strong> nella piazza del Congresso di Buenos Aires dove abbiamo intervistato Ulises Gorini, giornalista e avvocato che ha scritto due libri storici sulle lotte de <em>las Madres de Plaza de Mayo<\/em>. <strong>Il suo lavoro ha contribuito a far riconoscere il movimento come nuovo soggetto politico argentino<\/strong>: quello che era nato dalla ricerca individuale per il proprio figlio scomparso, si \u00e8 trasformato in lotta collettiva contro la volont\u00e0 di annullare qualsiasi forma di opposizione politica, in particolare delle forme pi\u00f9 militanti e radicali. <\/p>\n\n\n\n<figure class=\"wp-block-video\"><video height=\"720\" style=\"aspect-ratio: 1280 \/ 720;\" width=\"1280\" controls src=\"https:\/\/www.glomeda.org\/wp-content\/uploads\/2022\/04\/IMG_6300.mp4\"><\/video><\/figure>\n\n\n\n<p>Un fatto che non ha precedenti nella storia argentina e mondiale. <em>&#8220;La trasformazione della maternit\u00e0, che rompe le forme individualiste, patriarcali e borghesi, per proiettarsi in una nuova maternit\u00e0 socializzata e altamente politicizzata rappresenta un aspetto di grande novit\u00e0&#8221;<\/em>. Durante l\u2019intervista \u00e8 stato fatto <strong>un parallelismo tra i <em>desaparecidos<\/em> e i migranti che muoiono nel Mediterraneo<\/strong>, dove la morte in clandestinit\u00e0 durante la traversata non viene attribuita ad una responsabilit\u00e0 politica ma ad una disgrazia accidentale. Ci sono delle responsabilit\u00e0 politiche per i <em>desaparecidos<\/em> per cui si chiede ancora oggi giustizia, cos\u00ec bisogna fare per i migranti morti in mare.<\/p>\n\n\n\n<figure class=\"wp-block-gallery has-nested-images columns-default is-cropped wp-block-gallery-1 is-layout-flex wp-block-gallery-is-layout-flex\">\n<figure class=\"wp-block-image size-large\"><img loading=\"lazy\" decoding=\"async\" width=\"939\" height=\"1024\" data-id=\"538\" src=\"https:\/\/www.glomeda.org\/wp-content\/uploads\/2022\/04\/photo16510493324-939x1024.jpeg\" alt=\"\" class=\"wp-image-538\" srcset=\"https:\/\/www.glomeda.org\/wp-content\/uploads\/2022\/04\/photo16510493324-939x1024.jpeg 939w, https:\/\/www.glomeda.org\/wp-content\/uploads\/2022\/04\/photo16510493324-734x800.jpeg 734w, https:\/\/www.glomeda.org\/wp-content\/uploads\/2022\/04\/photo16510493324-138x150.jpeg 138w, https:\/\/www.glomeda.org\/wp-content\/uploads\/2022\/04\/photo16510493324-768x837.jpeg 768w, https:\/\/www.glomeda.org\/wp-content\/uploads\/2022\/04\/photo16510493324.jpeg 1174w\" sizes=\"auto, (max-width: 939px) 100vw, 939px\" \/><\/figure>\n\n\n\n<figure class=\"wp-block-image size-large\"><img loading=\"lazy\" decoding=\"async\" width=\"497\" height=\"1024\" data-id=\"537\" src=\"https:\/\/www.glomeda.org\/wp-content\/uploads\/2022\/04\/photo16510493323-497x1024.jpeg\" alt=\"\" class=\"wp-image-537\" srcset=\"https:\/\/www.glomeda.org\/wp-content\/uploads\/2022\/04\/photo16510493323-497x1024.jpeg 497w, https:\/\/www.glomeda.org\/wp-content\/uploads\/2022\/04\/photo16510493323-388x800.jpeg 388w, https:\/\/www.glomeda.org\/wp-content\/uploads\/2022\/04\/photo16510493323-73x150.jpeg 73w, https:\/\/www.glomeda.org\/wp-content\/uploads\/2022\/04\/photo16510493323.jpeg 621w\" sizes=\"auto, (max-width: 497px) 100vw, 497px\" \/><\/figure>\n\n\n\n<figure class=\"wp-block-image size-large\"><img loading=\"lazy\" decoding=\"async\" width=\"1024\" height=\"1024\" data-id=\"539\" src=\"https:\/\/www.glomeda.org\/wp-content\/uploads\/2022\/04\/photo16510493321-1024x1024.jpeg\" alt=\"\" class=\"wp-image-539\" srcset=\"https:\/\/www.glomeda.org\/wp-content\/uploads\/2022\/04\/photo16510493321-1024x1024.jpeg 1024w, https:\/\/www.glomeda.org\/wp-content\/uploads\/2022\/04\/photo16510493321-800x800.jpeg 800w, https:\/\/www.glomeda.org\/wp-content\/uploads\/2022\/04\/photo16510493321-150x150.jpeg 150w, https:\/\/www.glomeda.org\/wp-content\/uploads\/2022\/04\/photo16510493321-768x768.jpeg 768w, https:\/\/www.glomeda.org\/wp-content\/uploads\/2022\/04\/photo16510493321.jpeg 1280w\" sizes=\"auto, (max-width: 1024px) 100vw, 1024px\" \/><\/figure>\n\n\n\n<figure class=\"wp-block-image size-large\"><img loading=\"lazy\" decoding=\"async\" width=\"1024\" height=\"497\" data-id=\"540\" src=\"https:\/\/www.glomeda.org\/wp-content\/uploads\/2022\/04\/photo16510493322-1024x497.jpeg\" alt=\"\" class=\"wp-image-540\" srcset=\"https:\/\/www.glomeda.org\/wp-content\/uploads\/2022\/04\/photo16510493322-1024x497.jpeg 1024w, https:\/\/www.glomeda.org\/wp-content\/uploads\/2022\/04\/photo16510493322-800x388.jpeg 800w, https:\/\/www.glomeda.org\/wp-content\/uploads\/2022\/04\/photo16510493322-150x73.jpeg 150w, https:\/\/www.glomeda.org\/wp-content\/uploads\/2022\/04\/photo16510493322-768x373.jpeg 768w, https:\/\/www.glomeda.org\/wp-content\/uploads\/2022\/04\/photo16510493322.jpeg 1280w\" sizes=\"auto, (max-width: 1024px) 100vw, 1024px\" \/><\/figure>\n<\/figure>\n\n\n\n<p><br>Nella chiacchierata di benvenuto <em>las Madres<\/em> ci hanno subito detto che il loro movimento non \u00e8 solo un movimento storico fermo alle manifestazioni di denuncia in piazza. Negli anni hanno capito che era necessario sostenere la lotta con altri strumenti e quindi sono nati la radio, i social, la rivista, il team legale, i film, i libri e le aule universitarie. La volont\u00e0 \u00e8 quella di trasmettere alle nuove generazioni non solo le voci dissidenti dei loro figli nei confronti di un sistema capitalista in cui quella generazione non si riconosceva, ma la pratica della lotta, la tenacia e la fermezza che da 45 anni le spinge tutti i gioved\u00ec a scendere in piazza.<strong><br>E il movimento iniziato da fatti storici specifici si \u00e8 allargato a tutte le forme di lotta alla violenza e negazione dei diritti umani e sociali.<\/strong> <em>Las madres<\/em> rivendicano ancora oggi le idee di solidariet\u00e0 e giustizia che i loro figli hanno portato avanti contro la dittatura militare e il sistema capitalistico anche con la militanza armata. La loro rivoluzione \u00e8 stata quella di essere le madri di tutti i <em>desaparecidos<\/em>, anche di quelli senza nome e senza una foto a ricordarne l&#8217;identit\u00e0 e che i vari governi hanno tentato di cancellare.<\/p>\n\n\n\n<p><em>Ambasciata dei Diritti<\/em> <em>Ancona<\/em><\/p>\n","protected":false},"excerpt":{"rendered":"<p>Buenos Aires, 26 aprile 2022 &#8211; Si \u00e8 riunita oggi per le strade di Buenos Aires la carovana italiana organizzata<\/p>\n","protected":false},"author":1,"featured_media":542,"comment_status":"closed","ping_status":"closed","sticky":false,"template":"","format":"standard","meta":{"colormag_page_container_layout":"default_layout","colormag_page_sidebar_layout":"default_layout","h5ap_radio_sources":[],"wp_social_preview_title":"","wp_social_preview_description":"","wp_social_preview_image":0,"footnotes":""},"categories":[59,15],"tags":[53,52,55,54],"class_list":["post-536","post","type-post","status-publish","format-standard","has-post-thumbnail","hentry","category-carovana-madres-2022","category-internazionale","tag-argentina","tag-carovana-madres-2022","tag-desaparecidos","tag-madres-de-plaza-de-mayo"],"_links":{"self":[{"href":"https:\/\/www.glomeda.org\/index.php\/wp-json\/wp\/v2\/posts\/536","targetHints":{"allow":["GET"]}}],"collection":[{"href":"https:\/\/www.glomeda.org\/index.php\/wp-json\/wp\/v2\/posts"}],"about":[{"href":"https:\/\/www.glomeda.org\/index.php\/wp-json\/wp\/v2\/types\/post"}],"author":[{"embeddable":true,"href":"https:\/\/www.glomeda.org\/index.php\/wp-json\/wp\/v2\/users\/1"}],"replies":[{"embeddable":true,"href":"https:\/\/www.glomeda.org\/index.php\/wp-json\/wp\/v2\/comments?post=536"}],"version-history":[{"count":2,"href":"https:\/\/www.glomeda.org\/index.php\/wp-json\/wp\/v2\/posts\/536\/revisions"}],"predecessor-version":[{"id":545,"href":"https:\/\/www.glomeda.org\/index.php\/wp-json\/wp\/v2\/posts\/536\/revisions\/545"}],"wp:featuredmedia":[{"embeddable":true,"href":"https:\/\/www.glomeda.org\/index.php\/wp-json\/wp\/v2\/media\/542"}],"wp:attachment":[{"href":"https:\/\/www.glomeda.org\/index.php\/wp-json\/wp\/v2\/media?parent=536"}],"wp:term":[{"taxonomy":"category","embeddable":true,"href":"https:\/\/www.glomeda.org\/index.php\/wp-json\/wp\/v2\/categories?post=536"},{"taxonomy":"post_tag","embeddable":true,"href":"https:\/\/www.glomeda.org\/index.php\/wp-json\/wp\/v2\/tags?post=536"}],"curies":[{"name":"wp","href":"https:\/\/api.w.org\/{rel}","templated":true}]}}