{"id":525,"date":"2022-04-22T15:45:09","date_gmt":"2022-04-22T13:45:09","guid":{"rendered":"https:\/\/www.glomeda.org\/?p=525"},"modified":"2022-04-28T15:21:25","modified_gmt":"2022-04-28T13:21:25","slug":"parte-la-carovana-madres-2022","status":"publish","type":"post","link":"https:\/\/www.glomeda.org\/index.php\/2022\/04\/22\/parte-la-carovana-madres-2022\/","title":{"rendered":"Parte la Carovana &#8216;Madres 2022&#8217;"},"content":{"rendered":"\n<div class=\"wp-block-group is-layout-flow wp-block-group-is-layout-flow\">\n<div class=\"wp-block-group is-layout-flow wp-block-group-is-layout-flow\">\n<div class=\"wp-block-columns is-layout-flex wp-container-core-columns-is-layout-28f84493 wp-block-columns-is-layout-flex\">\n<div class=\"wp-block-column is-layout-flow wp-block-column-is-layout-flow\" style=\"flex-basis:100%\">\n<p><em>Dalle Marche due compagne prenderanno parte alla Carovana verso l&#8217;Argentina organizzata dall&#8217;Associazione Kabawil-el otro soy yo.<br>Sono 13 attiviste e attivisti provenienti da Milano, Roma, Ancona, Rieti, Chieti e Pescara che durante il viaggio si confronteranno con realt\u00e0 sociali, economie di mutuo soccorso e solidali, produzioni autogestite e culture indipendenti, per costruire nuove connessioni che possano permettere in questo presente di guerra e miseria di creare nuove opzioni di trasformazione contro il sistema capitalista finanziario, estrattivista, patriarcale che sta distruggendo il pianeta.<\/em><\/p>\n<\/div>\n<\/div>\n<\/div>\n<\/div>\n\n\n\n<p>Finalmente dopo 3 anni di fermo causa pandemia Covid, si torna a Buenos Aires per i 45 anni dalla prima ronda de Las Madres de Plaza de Mayo.<br>Il gruppo parteciper\u00e0 alle <strong>manifestazioni di lotta in programma dal 26 aprile al 30 aprile 2022<\/strong> tra Buenos Aires e La Plata.<br>La storia di terrore e morte iniziata il 24 marzo 1976, con il golpe militare che destitu\u00ec il governo argentino eletto, dur\u00f2 fino al 1983, registrando 30.000 desaparecidos, e non si \u00e8 ancora chiusa.<br>I militari hanno perseguitato chi si opponeva al sistema capitalistico, chi faceva solidariet\u00e0 nei quartieri pi\u00f9 poveri, chi era militante politico. <strong>A loro Las Madres hanno opposto disperazione e amore per tutti i figli desaparecidos<\/strong>, e da queste due parole nacque la scintilla da cui scatur\u00ec la forza di unirsi per affrontare e sfidare l\u2019apparato repressivo pi\u00f9 imponente della storia del Paese<br>Dopo 45 anni, oggi si scende ancora in piazza per chiedere verit\u00e0 e giustizia nei confronti di chi \u00e8 stato responsabile e complice del sequestro, della tortura e della sparizione di tante persone.<br><strong>In questi anni di lotta, le Madri sono intervenute<\/strong> in diverse situazioni di conflitto e di violazione dei diritti, diventando uno dei principali riferimenti nel campo dei diritti umani su scala nazionale, regionale e internazionale. La loro causa infatti non si limita alla ricerca della verit\u00e0 sui familiari spariti, ma si \u00e8 ampliata ed \u00e8 ora una lotta per la liberazione delle donne, il rispetto della natura, della libera determinazione della persona.<\/p>\n\n\n\n<p><strong>Sul nostro sito pubblicheremo articoli di approfondimento e interviste.<\/strong><br><strong>Per i resoconti giornalieri<\/strong> si pu\u00f2 fare riferimento al sito: <a rel=\"noreferrer noopener\" href=\"http:\/\/associazionekabawil.wordpress.org\" target=\"_blank\"><strong>associazionekabawil.wordpress.org<\/strong><\/a><\/p>\n\n\n\n<p><\/p>\n","protected":false},"excerpt":{"rendered":"<p>Dalle Marche due compagne prenderanno parte alla Carovana verso l&#8217;Argentina organizzata dall&#8217;Associazione Kabawil-el otro soy yo.Sono 13 attiviste e attivisti<\/p>\n","protected":false},"author":1,"featured_media":526,"comment_status":"closed","ping_status":"closed","sticky":false,"template":"","format":"standard","meta":{"colormag_page_container_layout":"default_layout","colormag_page_sidebar_layout":"default_layout","h5ap_radio_sources":[],"wp_social_preview_title":"","wp_social_preview_description":"","wp_social_preview_image":0,"footnotes":""},"categories":[59,15],"tags":[53,52,55,54],"class_list":["post-525","post","type-post","status-publish","format-standard","has-post-thumbnail","hentry","category-carovana-madres-2022","category-internazionale","tag-argentina","tag-carovana-madres-2022","tag-desaparecidos","tag-madres-de-plaza-de-mayo"],"_links":{"self":[{"href":"https:\/\/www.glomeda.org\/index.php\/wp-json\/wp\/v2\/posts\/525","targetHints":{"allow":["GET"]}}],"collection":[{"href":"https:\/\/www.glomeda.org\/index.php\/wp-json\/wp\/v2\/posts"}],"about":[{"href":"https:\/\/www.glomeda.org\/index.php\/wp-json\/wp\/v2\/types\/post"}],"author":[{"embeddable":true,"href":"https:\/\/www.glomeda.org\/index.php\/wp-json\/wp\/v2\/users\/1"}],"replies":[{"embeddable":true,"href":"https:\/\/www.glomeda.org\/index.php\/wp-json\/wp\/v2\/comments?post=525"}],"version-history":[{"count":4,"href":"https:\/\/www.glomeda.org\/index.php\/wp-json\/wp\/v2\/posts\/525\/revisions"}],"predecessor-version":[{"id":532,"href":"https:\/\/www.glomeda.org\/index.php\/wp-json\/wp\/v2\/posts\/525\/revisions\/532"}],"wp:featuredmedia":[{"embeddable":true,"href":"https:\/\/www.glomeda.org\/index.php\/wp-json\/wp\/v2\/media\/526"}],"wp:attachment":[{"href":"https:\/\/www.glomeda.org\/index.php\/wp-json\/wp\/v2\/media?parent=525"}],"wp:term":[{"taxonomy":"category","embeddable":true,"href":"https:\/\/www.glomeda.org\/index.php\/wp-json\/wp\/v2\/categories?post=525"},{"taxonomy":"post_tag","embeddable":true,"href":"https:\/\/www.glomeda.org\/index.php\/wp-json\/wp\/v2\/tags?post=525"}],"curies":[{"name":"wp","href":"https:\/\/api.w.org\/{rel}","templated":true}]}}