{"id":5188,"date":"2025-06-12T13:39:25","date_gmt":"2025-06-12T11:39:25","guid":{"rendered":"https:\/\/www.glomeda.org\/?p=5188"},"modified":"2025-06-12T13:39:27","modified_gmt":"2025-06-12T11:39:27","slug":"jesi-sabato-la-manifestazione-stop-edison","status":"publish","type":"post","link":"https:\/\/www.glomeda.org\/index.php\/2025\/06\/12\/jesi-sabato-la-manifestazione-stop-edison\/","title":{"rendered":"Jesi &#8211; Sabato la manifestazione Stop Edison"},"content":{"rendered":"\n<p><strong><em>Il comunicato dell&#8217;Assemblea Permanente contro il progetto di impianto per il trattamento di rifiuti speciali<\/em><\/strong><\/p>\n\n\n\n<p><strong>14 GIUGNO A JESI CORTEO CITTADINO<br>UN FUTURO DA DIFENDERE \u2013 PER LA SALUTE, IL TERRITORIO E L\u2019AMBIENTE<\/strong><br><br>Il 14 giugno cittadine e cittadini scenderanno in piazza a Jesi per difendere con forza e determinazione la salute, l\u2019ambiente e il proprio territorio. Attraverseremo pacificamente la citt\u00e0 con un lungo corteo per ribadire, ancora una volta e con voce chiara, il nostro no al progetto di <em>Edison Next Recology<\/em>, che prevede la costruzione di un impianto per il trattamento di rifiuti speciali, anche pericolosi e contenenti amianto, nella zona Zipa.<br><br><strong>Da oltre un anno, la nostra comunit\u00e0 \u00e8 in cammino.<\/strong> Ci siamo opposti con determinazione a questo impianto insalubre, presentato come un modello di economia circolare ma che, in realt\u00e0, mette a rischio la nostra salute, l\u2019ambiente e la qualit\u00e0 della vita di chi abita questi luoghi. Non abbiamo soltanto detto <em>\u201cno\u201d<\/em>, ma abbiamo costruito una rete fatta di persone, solidariet\u00e0, consapevolezza, confronto. Abbiamo organizzato assemblee e manifestazioni, raccolto firme, informato la cittadinanza, promosso incontri e momenti pubblici. Abbiamo dato voce a un\u2019altra idea di futuro che pone al centro la salute, l&#8217;ambiente e il territorio.<br><br><strong>In questo percorso, generazioni diverse si sono incontrate e riconosciute.<\/strong> \u00c8 nata una comunit\u00e0 che ha riscoperto il valore della partecipazione e della condivisione. E oggi, in un territorio gi\u00e0 segnato da anni di inquinamento e da scelte politiche sbagliate, chiediamo con forza uno stop a nuovi impianti insalubri e una moratoria su tutti gli insediamenti ad alto impatto ambientale. Per questo al nostro fianco sfileranno anche comitati e realt\u00e0 provenienti da tutta la provincia e da altre regioni, uniti dallo stesso obiettivo.<br><br>Il corteo partir\u00e0 da Porta Valle alle 17:30 e attraverser\u00e0 le vie della citt\u00e0 per concludersi in Piazza della Repubblica, cuore simbolico e civico di Jesi. <strong>Un percorso che non \u00e8 solo fisico, ma anche politico e collettivo<\/strong>: \u00e8 il cammino di una comunit\u00e0 che vuole essere protagonista del proprio presente e che rivendica il diritto a decidere sul proprio futuro.<br><br>Ad aprire la manifestazione sar\u00e0 lo striscione<em> \u201cFermiamo l&#8217;impianto Edison \u2013 Per la salute, l&#8217;ambiente e il territorio\u201d<\/em>, sorretto da cittadine e cittadini che fin dall\u2019inizio si sono attivati in questa battaglia. Il corteo vuole essere <strong>uno spazio di condivisione unitaria del comune obiettivo di fermare l&#8217;impianto<\/strong>: per questo non pu\u00f2 essere n\u00e9 il luogo, n\u00e9 il tempo delle polemiche e delle reciproche contrapposizioni. Il corteo non sar\u00e0 vetrina di partiti o sigle politiche: non ci saranno simboli, loghi o bandiere, <strong>perch\u00e9 questo movimento nasce dal basso, dall\u2019incontro libero e plurale di persone diverse che condividono un senso profondo di giustizia e responsabilit\u00e0.<\/strong> E proprio per questo le istituzioni e i rappresentanti politici, se presenti, saranno invitati a camminare insieme alla gente, e non davanti, perch\u00e9 a guidare questa battaglia sono le persone e le comunit\u00e0.<br><br>Durante il percorso ci saranno brevi interventi dal furgone con impianto audio per raccontare i punti critici del progetto Edison e dare voce alle realt\u00e0 territoriali che condividono la nostra lotta. La manifestazione si concluder\u00e0 in Piazza della Repubblica con un momento di saluti e ringraziamenti.<br><br>Invitiamo tutte e tutti a partecipare: porta con te la tua voce, un cartello, un messaggio, un desiderio. <strong>Perch\u00e9 il futuro si difende oggi. E solo insieme possiamo davvero fare la differenza!<\/strong><\/p>\n\n\n\n<p><em><strong>Assemblea Permanente Stop Edison<\/strong><\/em><\/p>\n\n\n\n<p><a href=\"https:\/\/noimpiantoedisonjesi.noblogs.org\" data-type=\"link\" data-id=\"https:\/\/noimpiantoedisonjesi.noblogs.org\" target=\"_blank\" rel=\"noreferrer noopener\">noimpiantoedisonjesi.noblogs.org<\/a><\/p>\n\n\n\n<p><\/p>\n","protected":false},"excerpt":{"rendered":"<p>Il comunicato dell&#8217;Assemblea Permanente contro il progetto di impianto per il trattamento di rifiuti speciali 14 GIUGNO A JESI CORTEO<\/p>\n","protected":false},"author":1,"featured_media":5189,"comment_status":"closed","ping_status":"closed","sticky":false,"template":"","format":"standard","meta":{"colormag_page_container_layout":"default_layout","colormag_page_sidebar_layout":"default_layout","h5ap_radio_sources":[],"wp_social_preview_title":"","wp_social_preview_description":"","wp_social_preview_image":0,"footnotes":""},"categories":[16,8,279],"tags":[270],"class_list":["post-5188","post","type-post","status-publish","format-standard","has-post-thumbnail","hentry","category-ambiente","category-in-evidenza","category-stop-edison","tag-stop-edison"],"_links":{"self":[{"href":"https:\/\/www.glomeda.org\/index.php\/wp-json\/wp\/v2\/posts\/5188","targetHints":{"allow":["GET"]}}],"collection":[{"href":"https:\/\/www.glomeda.org\/index.php\/wp-json\/wp\/v2\/posts"}],"about":[{"href":"https:\/\/www.glomeda.org\/index.php\/wp-json\/wp\/v2\/types\/post"}],"author":[{"embeddable":true,"href":"https:\/\/www.glomeda.org\/index.php\/wp-json\/wp\/v2\/users\/1"}],"replies":[{"embeddable":true,"href":"https:\/\/www.glomeda.org\/index.php\/wp-json\/wp\/v2\/comments?post=5188"}],"version-history":[{"count":1,"href":"https:\/\/www.glomeda.org\/index.php\/wp-json\/wp\/v2\/posts\/5188\/revisions"}],"predecessor-version":[{"id":5190,"href":"https:\/\/www.glomeda.org\/index.php\/wp-json\/wp\/v2\/posts\/5188\/revisions\/5190"}],"wp:featuredmedia":[{"embeddable":true,"href":"https:\/\/www.glomeda.org\/index.php\/wp-json\/wp\/v2\/media\/5189"}],"wp:attachment":[{"href":"https:\/\/www.glomeda.org\/index.php\/wp-json\/wp\/v2\/media?parent=5188"}],"wp:term":[{"taxonomy":"category","embeddable":true,"href":"https:\/\/www.glomeda.org\/index.php\/wp-json\/wp\/v2\/categories?post=5188"},{"taxonomy":"post_tag","embeddable":true,"href":"https:\/\/www.glomeda.org\/index.php\/wp-json\/wp\/v2\/tags?post=5188"}],"curies":[{"name":"wp","href":"https:\/\/api.w.org\/{rel}","templated":true}]}}