{"id":5183,"date":"2025-06-04T17:09:46","date_gmt":"2025-06-04T15:09:46","guid":{"rendered":"https:\/\/www.glomeda.org\/?p=5183"},"modified":"2025-06-04T17:09:49","modified_gmt":"2025-06-04T15:09:49","slug":"internazionalizzazione-delluniversita-politecnica-delle-marche-si-ma-per-chi","status":"publish","type":"post","link":"https:\/\/www.glomeda.org\/index.php\/2025\/06\/04\/internazionalizzazione-delluniversita-politecnica-delle-marche-si-ma-per-chi\/","title":{"rendered":"Internazionalizzazione dell&#8217;Universit\u00e0 Politecnica delle Marche: s\u00ec, ma per chi?"},"content":{"rendered":"\n<h6 class=\"wp-block-heading\"><em><strong>L&#8217;intervista a Matias del collettivo Flag Eaters sulla realt\u00e0 degli studenti stranieri dell&#8217;ateneo anconetano.<\/strong><\/em><\/h6>\n\n\n\n<p>Negli ultimi anni l\u2019Universit\u00e0 Politecnica delle Marche, con il rettore uscente Gian Luca Gregori da sempre Responsabile del Progetto Campus World, ha puntato sull\u2019internazionalizzazione, diventando un polo di attrazione per migliaia di studenti provenienti da tutto il mondo. Corsi in lingua inglese, numeri in crescita, riconoscimenti economici: l\u2019ateneo si racconta come un centro d\u2019eccellenza globale. <\/p>\n\n\n\n<p>Ma cosa succede davvero una volta che gli studenti internazionali arrivano ad Ancona?<br><strong>Dietro ai numeri e agli slogan, emergono fragilit\u00e0 sistemiche<\/strong>. Alloggi introvabili, discriminazioni, inaccessibilit\u00e0 al servizio sanitario troppo caro per gli studenti, impossibilit\u00e0 di accedere ai bandi per il diritto allo studio perch\u00e9 i permessi di soggiorno se arrivano, arrivano fuori tempo massimo. Una strategia internazionale che, senza un parallelo investimento nel welfare, sta generando nuove forme di disagio e marginalit\u00e0.<\/p>\n\n\n\n<p><strong>&#8211; <\/strong>Con Matias del <strong><em>Collettivo Flag Eaters<\/em><\/strong> parliamo dei risultati dell&#8217;inchiesta sul volto nascosto dell\u2019internazionalizzazione all\u2019italiana: quello in cui l\u2019accoglienza si scontra con burocrazia, precariet\u00e0 e mancanza di tutele.<\/p>\n\n\n\n<figure class=\"wp-block-embed is-type-video is-provider-youtube wp-block-embed-youtube wp-embed-aspect-16-9 wp-has-aspect-ratio\"><div class=\"wp-block-embed__wrapper\">\n<iframe loading=\"lazy\" title=\"04.06.25 Ancona - Intervista a Matias, Collettivo Flag Eaters\" width=\"800\" height=\"450\" src=\"https:\/\/www.youtube.com\/embed\/lQuXqmc54OQ?feature=oembed\" frameborder=\"0\" allow=\"accelerometer; autoplay; clipboard-write; encrypted-media; gyroscope; picture-in-picture; web-share\" referrerpolicy=\"strict-origin-when-cross-origin\" allowfullscreen><\/iframe>\n<\/div><\/figure>\n\n\n\n<p><strong>&#8211; I risultati dell&#8217;inchiesta <\/strong>sono disponibili sul blog del Collettivo Flag Eaters <em><strong><a href=\"https:\/\/flageaterscollecti.wixsite.com\/flageaters\/post\/versione-integrale-l-universit\u00e0-politecnica-delle-marche-punta-all-internazionalizzazione-ma-i-di\" data-type=\"link\" data-id=\"https:\/\/flageaterscollecti.wixsite.com\/flageaters\/post\/versione-integrale-l-universit\u00e0-politecnica-delle-marche-punta-all-internazionalizzazione-ma-i-di\" target=\"_blank\" rel=\"noreferrer noopener\">&#8220;L&#8217;Universit\u00e0 Politecnica delle Marche punta all&#8217;internazionalizzazione, ma i diritti degli studenti stranieri vacillano&#8221;<\/a><\/strong><\/em><\/p>\n\n\n\n<p><strong>&#8211; Il <a href=\"https:\/\/flageaterscollecti.wixsite.com\/\" data-type=\"link\" data-id=\"https:\/\/flageaterscollecti.wixsite.com\/\" target=\"_blank\" rel=\"noreferrer noopener\">blog del <em>Collettivo Flag Eaters<\/em><\/a><\/strong><\/p>\n\n\n\n<p><\/p>\n","protected":false},"excerpt":{"rendered":"<p>L&#8217;intervista a Matias del collettivo Flag Eaters sulla realt\u00e0 degli studenti stranieri dell&#8217;ateneo anconetano. Negli ultimi anni l\u2019Universit\u00e0 Politecnica delle<\/p>\n","protected":false},"author":1,"featured_media":5184,"comment_status":"closed","ping_status":"closed","sticky":false,"template":"","format":"standard","meta":{"colormag_page_container_layout":"default_layout","colormag_page_sidebar_layout":"default_layout","h5ap_radio_sources":[],"wp_social_preview_title":"","wp_social_preview_description":"","wp_social_preview_image":0,"footnotes":""},"categories":[88,62],"tags":[],"class_list":["post-5183","post","type-post","status-publish","format-standard","has-post-thumbnail","hentry","category-migranti","category-scuola-e-universita"],"_links":{"self":[{"href":"https:\/\/www.glomeda.org\/index.php\/wp-json\/wp\/v2\/posts\/5183","targetHints":{"allow":["GET"]}}],"collection":[{"href":"https:\/\/www.glomeda.org\/index.php\/wp-json\/wp\/v2\/posts"}],"about":[{"href":"https:\/\/www.glomeda.org\/index.php\/wp-json\/wp\/v2\/types\/post"}],"author":[{"embeddable":true,"href":"https:\/\/www.glomeda.org\/index.php\/wp-json\/wp\/v2\/users\/1"}],"replies":[{"embeddable":true,"href":"https:\/\/www.glomeda.org\/index.php\/wp-json\/wp\/v2\/comments?post=5183"}],"version-history":[{"count":1,"href":"https:\/\/www.glomeda.org\/index.php\/wp-json\/wp\/v2\/posts\/5183\/revisions"}],"predecessor-version":[{"id":5185,"href":"https:\/\/www.glomeda.org\/index.php\/wp-json\/wp\/v2\/posts\/5183\/revisions\/5185"}],"wp:featuredmedia":[{"embeddable":true,"href":"https:\/\/www.glomeda.org\/index.php\/wp-json\/wp\/v2\/media\/5184"}],"wp:attachment":[{"href":"https:\/\/www.glomeda.org\/index.php\/wp-json\/wp\/v2\/media?parent=5183"}],"wp:term":[{"taxonomy":"category","embeddable":true,"href":"https:\/\/www.glomeda.org\/index.php\/wp-json\/wp\/v2\/categories?post=5183"},{"taxonomy":"post_tag","embeddable":true,"href":"https:\/\/www.glomeda.org\/index.php\/wp-json\/wp\/v2\/tags?post=5183"}],"curies":[{"name":"wp","href":"https:\/\/api.w.org\/{rel}","templated":true}]}}