{"id":5091,"date":"2025-04-30T12:57:00","date_gmt":"2025-04-30T10:57:00","guid":{"rendered":"https:\/\/www.glomeda.org\/?p=5091"},"modified":"2025-05-12T10:58:54","modified_gmt":"2025-05-12T08:58:54","slug":"tecnotopie-vii-festival-della-libreria-indipendente-sabot","status":"publish","type":"post","link":"https:\/\/www.glomeda.org\/index.php\/2025\/04\/30\/tecnotopie-vii-festival-della-libreria-indipendente-sabot\/","title":{"rendered":"Tecnotopie &#8211; VII Festival della libreria indipendente Sabot"},"content":{"rendered":"\n<h6 class=\"wp-block-heading\"><strong><em>A Jesi dal 16 al 17 maggio, &#8216;Eterotopie&#8217; quest&#8217;anno cambia nome<\/em><\/strong><\/h6>\n\n\n\n<p><strong><a href=\"https:\/\/www.facebook.com\/events\/1178305993793143\">TECNOTOPIE<\/a><\/strong><\/p>\n\n\n\n<p><strong>Settimo festival della<a href=\"https:\/\/www.instagram.com\/libreria_sabot\/\"> libreria indipendente Sabot<\/a><\/strong><\/p>\n\n\n\n<p>16\/17\/18 Maggio 2025<\/p>\n\n\n\n<p>presso lo <em><a href=\"https:\/\/www.instagram.com\/scatnt\/\">Spazio Comune Autogestito TNT<\/a><\/em><\/p>\n\n\n\n<p>(Via Gallodoro 68\/ter, Jesi AN)<\/p>\n\n\n\n<p>Dal<strong> 16 al 18 maggio 2025<\/strong> torna<strong> Eterotopie<\/strong>, il festival della libreria indipendente Sabot, giunto alla sua settima edizione. Quest\u2019anno per corrispondere al tema scelto per questa edizione &#8211; <strong>capitalismo della sorveglianza e delle piattaforme <\/strong>&#8211; cambia nome, diventando <strong>#Tecnotopie.<\/strong><\/p>\n\n\n\n<p>Il nostro intento \u00e8 quello di organizzare dibattiti, incontri, laboratori, mostre che ci aiutino ad indagare, a comprenderne le implicazioni politiche e sociali, a individuarne i vari aspetti problematici, cos\u00ec da ipotizzare possibili e percorribili alternative, immaginare vie di fuga e dotarci di nuovi strumenti liberi e comunitari per resistere e sabotare questo sistema di controllo.<\/p>\n\n\n\n<p><strong>Viviamo in una societ\u00e0 sempre connessa<\/strong>, dove la maggior parte delle attivit\u00e0 e delle interazioni sono mediate dalla rete, dai dispositivi tecnologici e dalle app che utilizziamo. Una componente sempre maggiore della nostra esistenza, lavoro, socialit\u00e0, svago, si svolgono su o tramite queste. Questo determina una crescita esponenziale della loro importanza e di conseguenza del loro potere.<strong> Un potere che si d\u00e0 certamente in termini economici, ma anche, in maniera sempre pi\u00f9 importante, sociali e politici<\/strong>.<\/p>\n\n\n\n<p>Da un lato, nel nostro interagire quotidiano con essi, ogni nostra azione determina la produzione di dati, contenuti, riguardanti molti aspetti dell\u2019esistenza di ciascun*, talvolta anche molto privati. Nella societ\u00e0 del capitalismo digitale questi dati rappresentano il nuovo oro e di conseguenza si genera una \u201ccorsa\u201d per riuscire ad accaparrarsi per primi questa risorsa. L\u2019estrazione di valore non si limita pi\u00f9 al nostro tempo di lavoro o al nostro creare cooperativo, ma invade la totalit\u00e0 delle nostre vite. Il paradosso oggi \u00e8 che \u00e8 il lavoro a limitarci nella produzione di dati, poich\u00e9 ci costringe ad interompere la nostra attivit\u00e0 online. <strong>Il tempo del lavoro, il tempo dello svago, quello degli affetti e perfino quello del sonno sono ormai spazi di creazione ed estrazione di valore, monetizzati dalle aziende che posseggono questi dati.<\/strong><\/p>\n\n\n\n<p>Il fatto che il nostro agire quotidiano sia costantemente mediato dalla tecnologia da fa per\u00f2 si che anche la nostra dimensione sociale e politica ne venga influenzata. <strong>Gli algoritmi che gestiscono i flussi di informazione infatti possono dirigere e orientare la percezione con conseguente polarizzazione delle nostre posizioni e convinzioni.<\/strong> Lampante in questo senso \u00e8 il caso di Cambridge Analitica, ma molti altri esempi si potrebbero fare. Questo ci collega ad un\u2019altra fondamentale caratteristica di queste piattaforme digitali di creazione e socializzazione di contenuti. Gli algoritmi, i dispositivi tecnologici, gli spazi virtuali dei social sono elementi neutri solo all\u2019apparenza. <strong>In realt\u00e0 dipendono in maniera determinante da chi li programma e, soprattutto, da chi li possiede.<\/strong> Sono ambienti privati, proprietari, in cui chi comanda pu\u00f2 decidere indiscriminatamente il suo funzionamento e cambiarlo a piacimento. Eclatante a riguardo \u00e8 la marcia indietro fatta da Facebook e da X sulla moderazione dei contenuti veicolati nelle loro piattaforme. Dall\u2019introduzione di un costante monitoraggio e azioni di censura rispetto a contenuti ritenuti dannosi o non veritieri, alla dichiarazione di eliminazione di ogni forma di controllo e fact checking. Essi non rappresentano allora una \u201cpiazza\u201d virtuale dove incontrare gente e scambiare contenuti, ma sono piuttosto le \u201ccase\u201d di alcuni che si arricchiscono e che hanno messo in piedi un party in cui chi partecipa pu\u00f2 si comportarsi come vuole, ma fino a quando sta bene al padrone di casa.<\/p>\n\n\n\n<p><strong>C\u2019\u00e8 inoltre il tema del controllo<\/strong>, che viene fatto <em>in primis <\/em>a fini commerciali, ma che viene poi esteso alle varie dimensioni della vita. Dalla repressione del dissenso, al controllo dei comportamenti e delle abitudini, al rendere condizionale l\u2019accesso alle misure di welfare e aiuto pubblico, all\u2019uso dei sistemi di sorveglianza tanto sul posto di lavoro qua11 ptnto nella vita privata, fino l\u2019utilizzo delle nuove tecnologie nei conflitti armati per distruggere e dominare.<\/p>\n\n\n\n<p><strong>Affrontare queste tematiche ci sembra quanto mai urgente, a fronte dei cambiamenti politici globali in corso, dove l\u2019obiettivo principale \u00e8 quello di costruire governi oligarchici e reazionari che mirano a smantellare lo Stato e con esso il Welfare, promuovendo un individualismo sfrenato e fuori controllo.<\/strong> Governi che hanno invertito definitivamente il rapporto con il capitalismo e nello specifico con il capitalismo digitale. Con l\u2019elezione di Trump, soggetti provenienti dalla Silicon Valley, che ricoprono ruoli di primissimo piano nelle loro aziende, sono stati fatti parte integrante del nuovo governo, ricoprendo direttamente ruoli decisionali. Il fatto pi\u00f9 eclatante \u00e8 il dipartimento Doge a capo del quale \u00e8 stato messo Elon Musk. I pi\u00f9 recenti sviluppi ci dicono che il sodalizio tra i due sembra gi\u00e0 essere in crisi, ma questo non cambia l\u2019importanza del fatto. <strong>Ci dice infatti che il piano si \u00e8 ribaltato e che il potere assunto dalle piattaforme non \u00e8 solo riconosciuto come alleato, ma diventa parte stessa del governo, togliendo il potere statale da ogni ruolo di mediazione verso queste.<\/strong> Non vi \u00e8 pi\u00f9 spazio per una loro regolamentazione o la messa in campo di processi redistributivi a vantaggio della popolazione. Al contrario, le decisioni politiche sono tutte a loro vantaggio, volte alla massimizzazione di profitti e potere. Questo passaggio, mette in crisi anche molte prospettive riformiste rispetto al controllo, o ad una limitazione dello strapotere delle piattaforme. Interventi legislativi potrebbero essere messi in campo, ma se i governi sono cosi vicini se non immediatamente uniti a queste companies, sembra impossibile aspettarsi alcuna azione in questo senso.<\/p>\n\n\n\n<p><strong>Siamo di fronte ad un passaggio epocale, un cambio di regime che era gi\u00e0 in nuce da un po\u2019 ma che sembra oggi affermarsi in tutta la sua portata senza pi\u00f9 alcuna remora o timore. L\u2019attacco del capitalismo alle nostre vite \u00e8 diretto e brutale, e tale deve essere la nostra reazione. <\/strong>Comprenderlo ed essere consapevoli di quanto faccia ormai parte dei nostri paradigmi culturali \u00e8 il primo passo, ma dobbiamo attivarci per trovare le contromisure, delle nuove prospettive e dimensioni di lotta e di emancipazione che possano essere praticabili e alla portata di tutti per far s\u00ec che \u201cl&#8217;approccio hacker\u201d non sia solo un\u2019evasione elitaria dalla realt\u00e0 ma uno strumento di totale rottura contro il sistema.<\/p>\n\n\n\n<p><strong>Tutto questo per\u00f2 ha bisogno di uno nostro coinvolgimento attivo e di spazi di riflessione e di confronto comuni in cui elaborare alternative in grado di liberarci sia individualmente che collettivamente dalla morsa in cui siamo stretti. <\/strong>Il festival non ha alcuna volont\u00e0 di completezza, ma vuole essere un primo passo, un primo momento di riflessione a cui ne seguiranno altri. Anche perch\u00e9 molte altre sono le tematiche urgenti e fondamentali che ci preme trattare.<\/p>\n\n\n\n<figure class=\"wp-block-image size-large\"><img loading=\"lazy\" decoding=\"async\" width=\"725\" height=\"1024\" src=\"https:\/\/www.glomeda.org\/wp-content\/uploads\/2025\/04\/IMG_20250506_111754_373-725x1024.jpg\" alt=\"\" class=\"wp-image-5096\" srcset=\"https:\/\/www.glomeda.org\/wp-content\/uploads\/2025\/04\/IMG_20250506_111754_373-725x1024.jpg 725w, https:\/\/www.glomeda.org\/wp-content\/uploads\/2025\/04\/IMG_20250506_111754_373-566x800.jpg 566w, https:\/\/www.glomeda.org\/wp-content\/uploads\/2025\/04\/IMG_20250506_111754_373-106x150.jpg 106w, https:\/\/www.glomeda.org\/wp-content\/uploads\/2025\/04\/IMG_20250506_111754_373-768x1085.jpg 768w, https:\/\/www.glomeda.org\/wp-content\/uploads\/2025\/04\/IMG_20250506_111754_373-1087x1536.jpg 1087w, https:\/\/www.glomeda.org\/wp-content\/uploads\/2025\/04\/IMG_20250506_111754_373.jpg 1241w\" sizes=\"auto, (max-width: 725px) 100vw, 725px\" \/><\/figure>\n\n\n\n<p><strong>Programma<\/strong><\/p>\n\n\n\n<p><em>Tutti i giorni dalle 18: esposizione dei libri delle case editrici indipendenti, mostra \u201cNon accettare cookies dagli sconosciuti di Hogre, video istallazioni<\/em><\/p>\n\n\n\n<p><strong>Venerd\u00ec 16 Maggio<\/strong><\/p>\n\n\n\n<ul class=\"wp-block-list\">\n<li>ore 15 Laboratorio \u201c<strong><a href=\"https:\/\/www.facebook.com\/events\/1425022788676980\/\">Pedagogia Hacker<\/a> per disertare le tecnologie del dominio<\/strong>\u201d con <em><a href=\"https:\/\/www.circex.org\/it\">CIRCE<\/a><\/em> e il <em>Collettivo Balotta<\/em> (per info e prenotazioni 3400825582 Giovanni)<\/li>\n<\/ul>\n\n\n\n<ul class=\"wp-block-list\">\n<li>ore 18 Inaugurazione mostra \u201c<strong>Non accettare cookies dagli sconosciuti<\/strong>\u201d di <em><a href=\"https:\/\/www.instagram.com\/buyanewsoul\/\">Hogre<\/a><\/em><\/li>\n\n\n\n<li>ore 18.30 Presentazione \u201c<strong><a href=\"https:\/\/www.coconinopress.it\/prodotto\/lo-schermo-bianco\/?srsltid=AfmBOooVrs91wtzaDMkmXmOvaetnMDnzB828CRAKdf29RwopEkFinwHf\">Lo schermo bianco<\/a><\/strong>\u201d con <em>Enrico Pinto<\/em><\/li>\n\n\n\n<li>ore 21 presentazione \u201c<strong><a href=\"https:\/\/www.ledizioni.it\/?s=Black+box&amp;post_type=product&amp;product_cat=0\">Black Box<\/a><\/strong>\u201d con <em>Laura Carrer<\/em><\/li>\n\n\n\n<li>per tutta la giornata <em>Algen<\/em> dj-set<\/li>\n<\/ul>\n\n\n\n<p><strong>Sabato 17 Maggio<\/strong><\/p>\n\n\n\n<ul class=\"wp-block-list\">\n<li>ore 16.30 &#8220;<strong><a href=\"https:\/\/www.facebook.com\/events\/1767650323963998\">Chi sorveglia i sorveglianti?<\/a> Un viaggio a piedi tra le verit\u00e0 nascoste della citt\u00e0 sorvegliata<\/strong>\u201d con <em>Mattia Bastari<\/em> (per info e prenotazioni<\/li>\n\n\n\n<li>ore 19 presentazione \u201c<strong><a href=\"https:\/\/www.argonline.it\/prodotto\/manuale-di-letteratura-elettronica-fabrizio-venerandi\/\">Manuale di letteratura elettronica<\/a><\/strong>\u201d con <em>Valerio Cuccaroni<\/em> e <em>Fabrizio Venerandi<\/em><\/li>\n\n\n\n<li>ore 21 <em>Andrea Capodimonte<\/em> (poetry reading interattivo di co-creazione live con le AI)<\/li>\n\n\n\n<li>ore 21.30 presentazione \u201c<strong><a href=\"https:\/\/www.ledizioni.it\/prodotto\/lavoro-senza-fine\/\">Lavoro senza fine<\/a><\/strong>\u201d con <em>Irene Doda<\/em><\/li>\n\n\n\n<li>per tutta la giornata <em>Komorebi<\/em> dj-set<\/li>\n<\/ul>\n\n\n\n<p><strong>Domenica 18 Maggio<\/strong><\/p>\n\n\n\n<ul class=\"wp-block-list\">\n<li>ore 19 presentazione \u201c<strong><a href=\"https:\/\/www.agenziax.it\/hacking-del-se\">Hacking del s\u00e9<\/a><\/strong>\u201d con<em> Ippolita<\/em><\/li>\n\n\n\n<li>ore 21 \u201c<strong>La valle degli algoritmi<\/strong>\u201d a cura di e con <em>Massimo Mazzotti<\/em>, Professor, Department of History, University of California, Berkeley e <em>Maria Eugenia D\u2019Aquino<\/em>, attrice, direttrice artistica di ScienzaInScena, PACTA . dei Teatri &#8211; Milano<\/li>\n<\/ul>\n\n\n\n<p><em>Durante le tre giornate del festival piatti con prodotti locali, vini e birre del territorio<\/em><\/p>\n","protected":false},"excerpt":{"rendered":"<p>A Jesi dal 16 al 17 maggio, &#8216;Eterotopie&#8217; quest&#8217;anno cambia nome TECNOTOPIE Settimo festival della libreria indipendente Sabot 16\/17\/18 Maggio<\/p>\n","protected":false},"author":1,"featured_media":5093,"comment_status":"closed","ping_status":"closed","sticky":false,"template":"","format":"standard","meta":{"colormag_page_container_layout":"default_layout","colormag_page_sidebar_layout":"default_layout","h5ap_radio_sources":[],"wp_social_preview_title":"","wp_social_preview_description":"","wp_social_preview_image":0,"footnotes":""},"categories":[1],"tags":[],"class_list":["post-5091","post","type-post","status-publish","format-standard","has-post-thumbnail","hentry","category-uncategorized"],"_links":{"self":[{"href":"https:\/\/www.glomeda.org\/index.php\/wp-json\/wp\/v2\/posts\/5091","targetHints":{"allow":["GET"]}}],"collection":[{"href":"https:\/\/www.glomeda.org\/index.php\/wp-json\/wp\/v2\/posts"}],"about":[{"href":"https:\/\/www.glomeda.org\/index.php\/wp-json\/wp\/v2\/types\/post"}],"author":[{"embeddable":true,"href":"https:\/\/www.glomeda.org\/index.php\/wp-json\/wp\/v2\/users\/1"}],"replies":[{"embeddable":true,"href":"https:\/\/www.glomeda.org\/index.php\/wp-json\/wp\/v2\/comments?post=5091"}],"version-history":[{"count":6,"href":"https:\/\/www.glomeda.org\/index.php\/wp-json\/wp\/v2\/posts\/5091\/revisions"}],"predecessor-version":[{"id":5114,"href":"https:\/\/www.glomeda.org\/index.php\/wp-json\/wp\/v2\/posts\/5091\/revisions\/5114"}],"wp:featuredmedia":[{"embeddable":true,"href":"https:\/\/www.glomeda.org\/index.php\/wp-json\/wp\/v2\/media\/5093"}],"wp:attachment":[{"href":"https:\/\/www.glomeda.org\/index.php\/wp-json\/wp\/v2\/media?parent=5091"}],"wp:term":[{"taxonomy":"category","embeddable":true,"href":"https:\/\/www.glomeda.org\/index.php\/wp-json\/wp\/v2\/categories?post=5091"},{"taxonomy":"post_tag","embeddable":true,"href":"https:\/\/www.glomeda.org\/index.php\/wp-json\/wp\/v2\/tags?post=5091"}],"curies":[{"name":"wp","href":"https:\/\/api.w.org\/{rel}","templated":true}]}}