{"id":4872,"date":"2025-03-19T17:07:32","date_gmt":"2025-03-19T16:07:32","guid":{"rendered":"https:\/\/www.glomeda.org\/?p=4872"},"modified":"2025-03-19T18:32:17","modified_gmt":"2025-03-19T17:32:17","slug":"disertare-la-guerra-riarmare-le-lotte","status":"publish","type":"post","link":"https:\/\/www.glomeda.org\/index.php\/2025\/03\/19\/disertare-la-guerra-riarmare-le-lotte\/","title":{"rendered":"Disertare la guerra, ria(r)mare le lotte"},"content":{"rendered":"\n<h6 class=\"wp-block-heading\"><strong><em>Un appello all\u2019azione verso e oltre il 25 aprile a Fano &#8211; Spazio Autogestito Grizzly<\/em><\/strong><\/h6>\n\n\n\n<p>Non viviamo nel peggiore dei mondi possibili e d\u2019altra parte non \u00e8 mai esistita una fantomatica et\u00e0 dell\u2019oro. Questo approccio alla storia e alla realt\u00e0 \u00e8 l\u2019origine di ogni pensiero conservatore e reazionario, buono solo per la propaganda politica. Il <em>rendere di nuovo grande l\u2019America<\/em> sta l\u00ec ad insegnarcelo. Ci\u00f2 che \u00e8 sempre esistito, al contrario, sono stati momenti storici dove le lotte ed i conflitti sociali hanno migliorato questo mondo, hanno allargato i diritti, quelli sostanziali, non formali, hanno ridistribuito potere e ricchezza verso chi era sfruttato ed oppressa. <\/p>\n\n\n\n<p>Il nostro presente, a ben vedere, segna, probabilmente, l\u2019inizio di una nuova epoca. Un nuovo inizio che sta portando a maturazione, facendola esplodere, una serie, lunga e complessa, di processi storici, politici, sociali ed economici iniziati molto tempo fa. Se il presente che viviamo sta ridefinendo il nostro mondo, dobbiamo essere in grado, necessariamente, di cogliere quelli che sono i tratti epocali di tutto questo. Cogliere le tendenze determinanti di ci\u00f2 che stiamo vivendo per poterle affrontare e fronteggiare. Oggi il potere si mostra per quello che storicamente \u00e8 sempre stato: esercizio senza nessuna mediazione della forza, monopolio assoluto della violenza, nel linguaggio come nella pratica, <em>\u201clibera\u201d<\/em> da ogni vincolo giuridico e sociale. <\/p>\n\n\n\n<p>In Italia, come in Europa e nel mondo tutto questo ha uno scopo ben preciso: togliere ogni autonomia e quindi ogni capacit\u00e0 di organizzarsi e di lottare alla societ\u00e0, per tenere la decisione politica semplicemente nelle mani dei governi, eletti o non eletti, che si chiamino Trump, Netanyahu, Putin o Musk, poco importa. La parola democrazia \u00e8 di fatto diventata una parola vuota, senza nessun contenuto specifico che sia in grado di definirla. La violenza del potere del nostro presente squarcia in modo netto ogni ambiguit\u00e0 rispetto a che cos\u2019\u00e8 veramente la democrazia di cui tanto ci si riempie la bocca. Ci\u00f2 che conta, ci\u00f2 che \u00e8 davvero importante \u00e8 la capacit\u00e0 del capitalismo di continuare a fare profitti, di estrarre valore e di accumulare potere. Se questa <em>\u201cdemocrazia\u201d<\/em> permette tutto questo, allora va pi\u00f9 che bene. <\/p>\n\n\n\n<p>Il nostro presente \u00e8 segnato dalla normalizzazione del genocidio e dal ritorno della guerra. Il <em>ReArm Europe<\/em> della Von der Leyen, con il beneplacito di tutti i governi, con i suoi 800 miliardi di euro, non rappresenta altro che il tentativo di riarmare i singoli stati europei, all\u2019interno di una martellante propaganda che deve far accettare e rendere una cosa ordinaria, normale, la guerra, l\u2019economia di guerra e la cultura della guerra. La propaganda di guerra non pu\u00f2 accettare critica, dissenso e conflitto sociale, ma vuole uomini e donne obbedienti e asservite, servili e docili. <\/p>\n\n\n\n<p>L\u2019antifascismo, 80 anni fa, come oggi, \u00e8 anche un sentimento, immediato e diretto, di ribellione e rivolta verso chi, con l\u2019arroganza e la violenza del potere, ormai privo di maschere, vorrebbe imporci un presente di guerra, povert\u00e0 e nazionalismo. La storia \u00e8 sempre inattuale, ma sempre contemporanea, perch\u00e9 siamo noi che interroghiamo il passato per comprenderlo. Interrogare il nostro passato, la nostra storia, quella di Resistenza e Liberazione in armi, oggi, significa, rifiutare la guerra, sostenere chi resiste al genocidio ed opporsi, con ogni mezzo, alla brutalit\u00e0 e alla violenza del potere, politico ed economico. <\/p>\n\n\n\n<p>Disertare la guerra e combattere per la pace non possono e non devono rimanere degli slogan, ma devono rappresentare un programma politico comune. Alla loro chiamata alle armi, noi rispondiamo con una chiamata all\u2019azione. Una proposta di condivisione e di costruzione di un percorso comune di azioni e mobilitazioni che ci porti al corteo del 25 aprile a Fano. Un corteo in grado di far vivere nel nostro presente parole e pratiche come Resistenza, Liberazione e Antifascismo e di rispondere colpo su colpo alla violenza del potere. <\/p>\n\n\n\n<p>Incontriamoci gioved\u00ec 27 marzo alle ore 20:30 allo Spazio Grizzly.<\/p>\n\n\n\n<p><strong><em>Spazio Autogestito Grizzly<\/em><\/strong><\/p>\n","protected":false},"excerpt":{"rendered":"<p>Un appello all\u2019azione verso e oltre il 25 aprile a Fano &#8211; Spazio Autogestito Grizzly Non viviamo nel peggiore dei<\/p>\n","protected":false},"author":1,"featured_media":4877,"comment_status":"closed","ping_status":"closed","sticky":false,"template":"","format":"standard","meta":{"colormag_page_container_layout":"default_layout","colormag_page_sidebar_layout":"default_layout","h5ap_radio_sources":[],"wp_social_preview_title":"","wp_social_preview_description":"","wp_social_preview_image":0,"footnotes":""},"categories":[17,15,278],"tags":[],"class_list":["post-4872","post","type-post","status-publish","format-standard","has-post-thumbnail","hentry","category-antifascismo","category-internazionale","category-memoria"],"_links":{"self":[{"href":"https:\/\/www.glomeda.org\/index.php\/wp-json\/wp\/v2\/posts\/4872","targetHints":{"allow":["GET"]}}],"collection":[{"href":"https:\/\/www.glomeda.org\/index.php\/wp-json\/wp\/v2\/posts"}],"about":[{"href":"https:\/\/www.glomeda.org\/index.php\/wp-json\/wp\/v2\/types\/post"}],"author":[{"embeddable":true,"href":"https:\/\/www.glomeda.org\/index.php\/wp-json\/wp\/v2\/users\/1"}],"replies":[{"embeddable":true,"href":"https:\/\/www.glomeda.org\/index.php\/wp-json\/wp\/v2\/comments?post=4872"}],"version-history":[{"count":2,"href":"https:\/\/www.glomeda.org\/index.php\/wp-json\/wp\/v2\/posts\/4872\/revisions"}],"predecessor-version":[{"id":4874,"href":"https:\/\/www.glomeda.org\/index.php\/wp-json\/wp\/v2\/posts\/4872\/revisions\/4874"}],"wp:featuredmedia":[{"embeddable":true,"href":"https:\/\/www.glomeda.org\/index.php\/wp-json\/wp\/v2\/media\/4877"}],"wp:attachment":[{"href":"https:\/\/www.glomeda.org\/index.php\/wp-json\/wp\/v2\/media?parent=4872"}],"wp:term":[{"taxonomy":"category","embeddable":true,"href":"https:\/\/www.glomeda.org\/index.php\/wp-json\/wp\/v2\/categories?post=4872"},{"taxonomy":"post_tag","embeddable":true,"href":"https:\/\/www.glomeda.org\/index.php\/wp-json\/wp\/v2\/tags?post=4872"}],"curies":[{"name":"wp","href":"https:\/\/api.w.org\/{rel}","templated":true}]}}