{"id":4812,"date":"2025-03-11T03:09:18","date_gmt":"2025-03-11T02:09:18","guid":{"rendered":"https:\/\/www.glomeda.org\/?p=4812"},"modified":"2025-03-11T16:15:04","modified_gmt":"2025-03-11T15:15:04","slug":"senigallia-parte-la-campagna-per-il-diritto-alla-casa","status":"publish","type":"post","link":"https:\/\/www.glomeda.org\/index.php\/2025\/03\/11\/senigallia-parte-la-campagna-per-il-diritto-alla-casa\/","title":{"rendered":"Senigallia &#8211; Parte la campagna per il diritto alla casa"},"content":{"rendered":"\n<h6 class=\"wp-block-heading\"><em><strong>Case sfitte e affitti estivi, una battaglia per la giustizia sociale<\/strong><\/em> <strong>&#8211; <em>Spazio Autogestito Arvultura<\/em><\/strong><\/h6>\n\n\n\n<p><strong>Progetto per il diritto alla casa a Senigallia<\/strong><\/p>\n\n\n\n<p>La citt\u00e0 di Senigallia vive un cronico e crescente problema abitativo che trova il suo paradigma pi\u00f9 evidente nel mercato degli affitti estivi e nella gestione opaca delle case popolari. In entrambi i casi l\u2019esito \u00e8 lo stesso: case sfitte usate come leva speculativa per innalzare i costi abitativi ed espellere i senigalliesi dalla propria citt\u00e0.<\/p>\n\n\n\n<p>Per questo stiamo mettendo in campo un ambizioso progetto con l\u2019obiettivo di restituire alla comunit\u00e0 il diritto alla casa, attraverso una campagna politica che mira a denunciare lo scandalo delle case sfitte e a lottare contro la precariet\u00e0 abitativa causata dagli affitti estivi.<\/p>\n\n\n\n<p><strong><em>Primo obiettivo: denunciare le case sfitte e riqualificarle.<\/em><\/strong><\/p>\n\n\n\n<p>Il primo passo di questa campagna \u00e8 raccogliere segnalazioni da parte dei cittadini su case popolari lasciate vuote, in stato di abbandono o non assegnate dall\u2019ERAP.<\/p>\n\n\n\n<p>Queste segnalazioni saranno il punto di partenza per creare un dossier pubblico che renda visibile lo stato di degrado e l\u2019inerzia delle istituzioni.<\/p>\n\n\n\n<p>Con il dossier alla mano, avvieremo una vertenza politica rivolta all\u2019amministrazione comunale e all\u2019ERAP, chiedendo la mappatura completa delle case popolari sfitte e in degrado, un piano urgente di riqualificazione, la messa in sicurezza degli immobili e assegnazioni trasparenti e tempestive.<\/p>\n\n\n\n<p><strong><em>Secondo obiettivo: contrastare gli affitti estivi e garantire la continuit\u00e0 abitativa.<\/em><\/strong><\/p>\n\n\n\n<p>Il secondo fronte di questa campagna riguarda il mercato degli affitti estivi, che a Senigallia ha raggiunto livelli insostenibili.<\/p>\n\n\n\n<p>Molti proprietari preferiscono affittare le case ai turisti durante l\u2019estate, spingendo fuori gli inquilini residenti per tre mesi all\u2019anno. Questo fenomeno, oltre a creare una forte precariet\u00e0 abitativa, contribuisce all\u2019aumento dei prezzi degli affitti, rendendo sempre pi\u00f9 difficile per i cittadini trovare una casa stabile.<\/p>\n\n\n\n<p>Vogliamo raccogliere le testimonianze di chi vive questa situazione: Queste storie saranno la base per costruire un coordinamento cittadino che possa portare il problema all\u2019attenzione delle istituzioni locali e regionali. L\u2019obiettivo \u00e8 quello di ottenere una regolamentazione degli affitti estivi per garantire la continuit\u00e0 abitativa e dare incentivi a quei proprietari che scelgono di affittare senza interruzioni estive e a prezzi accessibili.<\/p>\n\n\n\n<p>Questa battaglia non \u00e8 solo per le case, ma per la dignit\u00e0 delle persone. \u00c8 una lotta per restituire alla comunit\u00e0 ci\u00f2 che le appartiene, per un modello di citt\u00e0 diverso, pi\u00f9 giusto e solidale.<\/p>\n\n\n\n<p><em>Spazio Autogestito Arvultura<\/em><\/p>\n\n\n\n<p><em>Conosci case popolari sfitte? Anche tu perdi casa in estate?<\/em><\/p>\n\n\n\n<p><em>Mandaci le tue segnalazioni. Raccontaci le tue esperienze: <a href=\"https:\/\/www.dirittoabitaresenigallia.it\/?fbclid=IwZXh0bgNhZW0CMTAAAR3MpVyUXjcrY8pHS25LziXlZ1ZTRxIDvwqDSVsEbvJFv8yLDDn7NjZ2sZ0_aem_QzxyFHKyfj5hRnh_yHA58A\" target=\"_blank\" rel=\"noreferrer noopener\">www.dirittoabitaresenigallia.it<\/a><\/em><\/p>\n\n\n\n<figure class=\"wp-block-gallery has-nested-images columns-default is-cropped wp-block-gallery-1 is-layout-flex wp-block-gallery-is-layout-flex\">\n<figure class=\"wp-block-image size-large\"><img loading=\"lazy\" decoding=\"async\" width=\"955\" height=\"955\" data-id=\"4813\" src=\"https:\/\/www.glomeda.org\/wp-content\/uploads\/2025\/03\/img2.png\" alt=\"\" class=\"wp-image-4813\" srcset=\"https:\/\/www.glomeda.org\/wp-content\/uploads\/2025\/03\/img2.png 955w, https:\/\/www.glomeda.org\/wp-content\/uploads\/2025\/03\/img2-800x800.png 800w, https:\/\/www.glomeda.org\/wp-content\/uploads\/2025\/03\/img2-150x150.png 150w, https:\/\/www.glomeda.org\/wp-content\/uploads\/2025\/03\/img2-768x768.png 768w, https:\/\/www.glomeda.org\/wp-content\/uploads\/2025\/03\/img2-600x600.png 600w\" sizes=\"auto, (max-width: 955px) 100vw, 955px\" \/><\/figure>\n\n\n\n<figure class=\"wp-block-image size-large\"><img loading=\"lazy\" decoding=\"async\" width=\"955\" height=\"955\" data-id=\"4815\" src=\"https:\/\/www.glomeda.org\/wp-content\/uploads\/2025\/03\/img1.png\" alt=\"\" class=\"wp-image-4815\" srcset=\"https:\/\/www.glomeda.org\/wp-content\/uploads\/2025\/03\/img1.png 955w, https:\/\/www.glomeda.org\/wp-content\/uploads\/2025\/03\/img1-800x800.png 800w, https:\/\/www.glomeda.org\/wp-content\/uploads\/2025\/03\/img1-150x150.png 150w, https:\/\/www.glomeda.org\/wp-content\/uploads\/2025\/03\/img1-768x768.png 768w, https:\/\/www.glomeda.org\/wp-content\/uploads\/2025\/03\/img1-600x600.png 600w\" sizes=\"auto, (max-width: 955px) 100vw, 955px\" \/><\/figure>\n\n\n\n<figure class=\"wp-block-image size-large\"><img loading=\"lazy\" decoding=\"async\" width=\"911\" height=\"923\" data-id=\"4816\" src=\"https:\/\/www.glomeda.org\/wp-content\/uploads\/2025\/03\/483527344_1057898039702488_4289193056217207961_n.jpg\" alt=\"\" class=\"wp-image-4816\" srcset=\"https:\/\/www.glomeda.org\/wp-content\/uploads\/2025\/03\/483527344_1057898039702488_4289193056217207961_n.jpg 911w, https:\/\/www.glomeda.org\/wp-content\/uploads\/2025\/03\/483527344_1057898039702488_4289193056217207961_n-790x800.jpg 790w, https:\/\/www.glomeda.org\/wp-content\/uploads\/2025\/03\/483527344_1057898039702488_4289193056217207961_n-148x150.jpg 148w, https:\/\/www.glomeda.org\/wp-content\/uploads\/2025\/03\/483527344_1057898039702488_4289193056217207961_n-768x778.jpg 768w\" sizes=\"auto, (max-width: 911px) 100vw, 911px\" \/><\/figure>\n<\/figure>\n","protected":false},"excerpt":{"rendered":"<p>Case sfitte e affitti estivi, una battaglia per la giustizia sociale &#8211; Spazio Autogestito Arvultura Progetto per il diritto alla<\/p>\n","protected":false},"author":1,"featured_media":4826,"comment_status":"closed","ping_status":"closed","sticky":false,"template":"","format":"standard","meta":{"colormag_page_container_layout":"default_layout","colormag_page_sidebar_layout":"default_layout","h5ap_radio_sources":[],"wp_social_preview_title":"","wp_social_preview_description":"","wp_social_preview_image":0,"footnotes":""},"categories":[256],"tags":[258],"class_list":["post-4812","post","type-post","status-publish","format-standard","has-post-thumbnail","hentry","category-diritto-alla-casa-diritto-alla-citta","tag-diritto-alla-casa"],"_links":{"self":[{"href":"https:\/\/www.glomeda.org\/index.php\/wp-json\/wp\/v2\/posts\/4812","targetHints":{"allow":["GET"]}}],"collection":[{"href":"https:\/\/www.glomeda.org\/index.php\/wp-json\/wp\/v2\/posts"}],"about":[{"href":"https:\/\/www.glomeda.org\/index.php\/wp-json\/wp\/v2\/types\/post"}],"author":[{"embeddable":true,"href":"https:\/\/www.glomeda.org\/index.php\/wp-json\/wp\/v2\/users\/1"}],"replies":[{"embeddable":true,"href":"https:\/\/www.glomeda.org\/index.php\/wp-json\/wp\/v2\/comments?post=4812"}],"version-history":[{"count":1,"href":"https:\/\/www.glomeda.org\/index.php\/wp-json\/wp\/v2\/posts\/4812\/revisions"}],"predecessor-version":[{"id":4817,"href":"https:\/\/www.glomeda.org\/index.php\/wp-json\/wp\/v2\/posts\/4812\/revisions\/4817"}],"wp:featuredmedia":[{"embeddable":true,"href":"https:\/\/www.glomeda.org\/index.php\/wp-json\/wp\/v2\/media\/4826"}],"wp:attachment":[{"href":"https:\/\/www.glomeda.org\/index.php\/wp-json\/wp\/v2\/media?parent=4812"}],"wp:term":[{"taxonomy":"category","embeddable":true,"href":"https:\/\/www.glomeda.org\/index.php\/wp-json\/wp\/v2\/categories?post=4812"},{"taxonomy":"post_tag","embeddable":true,"href":"https:\/\/www.glomeda.org\/index.php\/wp-json\/wp\/v2\/tags?post=4812"}],"curies":[{"name":"wp","href":"https:\/\/api.w.org\/{rel}","templated":true}]}}