{"id":462,"date":"2022-03-25T01:02:00","date_gmt":"2022-03-25T00:02:00","guid":{"rendered":"https:\/\/www.glomeda.org\/?p=462"},"modified":"2022-03-30T15:13:10","modified_gmt":"2022-03-30T13:13:10","slug":"peoplenotprofit-lo-sciopero-globale-per-clima-del-25-marzo-secondo-noi","status":"publish","type":"post","link":"https:\/\/www.glomeda.org\/index.php\/2022\/03\/25\/peoplenotprofit-lo-sciopero-globale-per-clima-del-25-marzo-secondo-noi\/","title":{"rendered":"#PeopleNotProfit: lo sciopero globale per clima del 25 marzo secondo noi"},"content":{"rendered":"\n<h6 class=\"wp-block-heading\"><em>Il comunicato del Laboratorio Autogestito Falkatraz di Falconara Marittima<\/em><\/h6>\n\n\n\n<p><strong>Mentre, partendo verso lo sciopero per la giustizia climatica di Friday for Future Ancona, appendiamo lo striscione <em>\u201cFalconara Fuori dal Fossile\u201d<\/em><\/strong> dal ponte pi\u00f9 visibile della statale 16 che percorre tutto il litorale provinciale con il consueto traffico impazzito di auto e mezzi pesanti, ad un mese circa dall&#8217;ultimo incidente avvenuto alla raffineria Api, che quasi in modo beffardo coincide anche con l&#8217;inizio di questa sporca guerra nel cuore dell&#8217;Europa, nonostante tutto, ci viene da raccontare una bella storia.<\/p>\n\n\n\n<p>Nella cittadina di Wesseling, 35 mila abitanti nella Renania settentrionale, distretto di Colonia, e\u2019 situato un petrolchimico simile al nostro, la raffineria della storica multinazionale Shell, attiva da fine ottocento, operante in 140 paesi nel mondo e da molti contestata, tra le prime quattro multinazionali per utili del comparto del petrolio e del gas, succedono cose importanti di cui pochi parlano. <strong>Dallo scorso gennaio si \u00e8 acceso un nuovo finanziamento europeo per il progetto <em>Refhyne II<\/em><\/strong>, che ha come obbiettivo la produzione in loco di idrogeno verde nel ciclo produttivo della raffineria per lo sviluppo e l\u2019installazione di un elettrolizzatore PEM da 100 MW. Parliamo di un finanziamento con fondi pubblici europei di 32,4 milioni di euro, ottenuti attraverso la <em>CINEA (the European Climate, Infrastructure and Environment Executive Agency)<\/em>. Nella raffineria di Wesseling \u00e8 gi\u00e0 funzionante dal luglio 2021 <em>Refhyne I<\/em>, che ha portato all\u2019installazione di un elettrolizzatore PEM da 10 MW \u2013 il pi\u00f9 grande di questo tipo operativo in Europa.<\/p>\n\n\n\n<div class=\"wp-block-image\"><figure class=\"alignright\"><a href=\"https:\/\/falkatraz.noblogs.org\/files\/2022\/03\/276147871_2809913662635756_8429473351413544368_n.jpg\"><img decoding=\"async\" src=\"https:\/\/falkatraz.noblogs.org\/files\/2022\/03\/276147871_2809913662635756_8429473351413544368_n-300x225.jpg\" alt=\"\" class=\"wp-image-2948\"\/><\/a><\/figure><\/div>\n\n\n\n<p><strong>Un progetto pilota ma tutt&#8217;altro che isolato in Europa per chi guarda alla produzione energetica a emissioni zero da fonti rinnovabili<\/strong>, oggi possibili e praticabili, mentre noi ancora discutiamo di trivellazioni, riapertura di centrali a carbone, nucleare, diversificazione degli approvvigionamenti per affrancarci dal gas russo verso qualche altro fornitore rapace in medioriente o negli Usa, ma sempre in buoni rapporti con Eni (che nel bel mezzo di questa crisi energetica, ha dichiarato un utile di bilancio nel 2021 di 4,7 miliardi, il pi\u00f9 alto dell\u2019ultimo decennio). Sempre lo scorso gennaio il vice presidente della Regione Marche e assessore all\u2019Energia Mirco Carloni ha reso pubblico un avviso, Hydrogen Valleys, rivolto alle imprese per manifestare interesse allo scopo di individuare i progetti che potrebbero candidarsi, per la Regione Marche, al finanziamento del bando ministeriale nell\u2019ambito delle Tecnologie e Sistemi ad idrogeno da fonti rinnovabili all&#8217;interno del pi\u00f9 generale PNRR, Piano Nazionale di ripresa e resilienza (misura M2C2 \u2013 Investimento 3.1: Produzione di idrogeno nelle aree industriali dismesse)\u201d. <\/p>\n\n\n\n<p><strong>Dallo scorso dicembre il governo della Regione Marche ha incontrato le associazioni di categoria e il comitato regionale per le politiche energetiche<\/strong> per preparare il territorio alla formulazione di proposte progettuali sull\u2019idrogeno e avviare un percorso di partecipazione che consenta di individuare le aree industriali che rispettino i criteri di ammissibilit\u00e0 illustrati dal MITE. Una proposta importante ai fini della necessaria decarbonizzazione dell&#8217;economia regionale in linea con gli obbiettivi nazionali e europei al 2030 e al 2050 attraverso linee di investimento pubbliche e la promozione della produzione energetica locale di idrogeno da fonti rinnovabili e tese alla riduzione di emissioni di co2 specie in prossimit\u00e0 di siti inquinati. Un&#8217;iniziativa che merita la massima attenzione e trasparenza trattandosi di un contributo pubblico fino al 50% in conto capitale e per un massimo di 15 milioni di euro per ogni progetto. Una simile occasione pu\u00f2 e deve costituire una leva essenziale e irrinunciabile per aggredire le centralit\u00e0 pi\u00f9 critiche del sistema produttivo regionale a partire dalla riconversione del petrolchimico Api e fino alla ripianificazione energetica del porto di Ancona, di cui la stessa raffineria movimenta circa un terzo del traffico merci, con ovvie conseguenze in termini di inquinamento ambientale: 3,7 milioni di tonnellate di prodotti petroliferi (+7,3% sul 2020) su un totale di 12 milioni di tonnellate circa. <strong>In occasione dell&#8217;ultimo consiglio comunale a Falconara anche l&#8217;Amministrazione e il consiglio comunale hanno assunto impegni precisi <\/strong>in questo senso, sull&#8217;onda delle contestazioni e delle richieste espresse dal presidio del 25 febbraio scorso. Vogliamo che il tempo del petrolio finisca a Falconara e non lasci cattedrali nel deserto, vogliamo che le istituzioni a partire dalla Regione Marche dirottino i finanziamenti del Pnrr sulla priorita\u2019 di Falconara per una vera transizione ecologica attraverso l\u2019idrogeno verde e le operazioni di bonifica del territori, come gi\u00e0 sta succedendo altrove.<\/p>\n\n\n\n<div class=\"wp-block-image\"><figure class=\"aligncenter\"><a href=\"https:\/\/falkatraz.noblogs.org\/files\/2022\/03\/276169166_2809910762636046_5321441933285658840_n.jpg\"><img decoding=\"async\" src=\"https:\/\/falkatraz.noblogs.org\/files\/2022\/03\/276169166_2809910762636046_5321441933285658840_n-300x111.jpg\" alt=\"\" class=\"wp-image-2949\"\/><\/a><\/figure><\/div>\n\n\n\n<p><em><strong>Laboratorio Falkatraz <\/strong>25 marzo &#8217;22 Sciopero globale per la giustizia climatica<\/em><\/p>\n\n\n\n<p><em>Ps: Contestualmente alla colonna di fumo sprigionatasi dall&#8217;incendio all&#8217;impianto di cracking termico 1850 dell&#8217;Api, al ritorno della guerra in seno all&#8217;Europa \u00e8 passato nel dimenticatoio il nuovo rapporto dell&#8217;IPCC sui cambiamenti climatici dello scorso 28 febbraio, successivo a quello ben pi\u00f9 noto del 2018, secondo il quale per contenere l\u2019aumento della temperatura media globale entro 1.5\u00b0 sarebbe necessario ridurre le emissioni di gas CO2 e di gas climalteranti del 55% entro il 2030 e del 100% entro il 2050. La crisi climatica non \u00e8 pi\u00f9 solo un presagio futuribile, ma il nostro presente che ci impone quanto prima strategie nel contempo di adattamento a tutela dei bisogni sociali e di costruzione oggi dei percorsi di uscita dai modelli economici che quella crisi l&#8217;hanno prodotta. Il futuro prossimo dell&#8217;Europa, specie quella meridionale, cio\u00e8 casa nostra, sar\u00e0 caratterizzato da siccit\u00e0 e ondate di calore, intensit\u00e0 di inondazioni e aumento del livello del mare, progressiva scarsit\u00e0 delle risorse idriche, quell&#8217;acqua bene comune ancora e continuamente a rischio grazie alla nuova ondata di privatizzazioni del governo Draghi.<\/em><\/p>\n","protected":false},"excerpt":{"rendered":"<p>Il comunicato del Laboratorio Autogestito Falkatraz di Falconara Marittima Mentre, partendo verso lo sciopero per la giustizia climatica di Friday<\/p>\n","protected":false},"author":1,"featured_media":463,"comment_status":"closed","ping_status":"closed","sticky":false,"template":"","format":"standard","meta":{"colormag_page_container_layout":"default_layout","colormag_page_sidebar_layout":"default_layout","h5ap_radio_sources":[],"wp_social_preview_title":"","wp_social_preview_description":"","wp_social_preview_image":0,"footnotes":""},"categories":[16],"tags":[19,20,23,39,22],"class_list":["post-462","post","type-post","status-publish","format-standard","has-post-thumbnail","hentry","category-ambiente","tag-ambiente","tag-clima","tag-falkatraz","tag-fridays-for-future","tag-fuoridalfossile"],"_links":{"self":[{"href":"https:\/\/www.glomeda.org\/index.php\/wp-json\/wp\/v2\/posts\/462","targetHints":{"allow":["GET"]}}],"collection":[{"href":"https:\/\/www.glomeda.org\/index.php\/wp-json\/wp\/v2\/posts"}],"about":[{"href":"https:\/\/www.glomeda.org\/index.php\/wp-json\/wp\/v2\/types\/post"}],"author":[{"embeddable":true,"href":"https:\/\/www.glomeda.org\/index.php\/wp-json\/wp\/v2\/users\/1"}],"replies":[{"embeddable":true,"href":"https:\/\/www.glomeda.org\/index.php\/wp-json\/wp\/v2\/comments?post=462"}],"version-history":[{"count":2,"href":"https:\/\/www.glomeda.org\/index.php\/wp-json\/wp\/v2\/posts\/462\/revisions"}],"predecessor-version":[{"id":466,"href":"https:\/\/www.glomeda.org\/index.php\/wp-json\/wp\/v2\/posts\/462\/revisions\/466"}],"wp:featuredmedia":[{"embeddable":true,"href":"https:\/\/www.glomeda.org\/index.php\/wp-json\/wp\/v2\/media\/463"}],"wp:attachment":[{"href":"https:\/\/www.glomeda.org\/index.php\/wp-json\/wp\/v2\/media?parent=462"}],"wp:term":[{"taxonomy":"category","embeddable":true,"href":"https:\/\/www.glomeda.org\/index.php\/wp-json\/wp\/v2\/categories?post=462"},{"taxonomy":"post_tag","embeddable":true,"href":"https:\/\/www.glomeda.org\/index.php\/wp-json\/wp\/v2\/tags?post=462"}],"curies":[{"name":"wp","href":"https:\/\/api.w.org\/{rel}","templated":true}]}}