{"id":3915,"date":"2024-10-09T13:33:22","date_gmt":"2024-10-09T11:33:22","guid":{"rendered":"https:\/\/www.glomeda.org\/?p=3915"},"modified":"2024-11-21T13:51:09","modified_gmt":"2024-11-21T12:51:09","slug":"la-legge-piantedosi-nordio-crosetto","status":"publish","type":"post","link":"https:\/\/www.glomeda.org\/index.php\/2024\/10\/09\/la-legge-piantedosi-nordio-crosetto\/","title":{"rendered":"La legge Piantedosi Nordio Crosetto"},"content":{"rendered":"\n<h6 class=\"wp-block-heading\"><strong><em>Guida alle nuove norme in materia di repressione, controllo sociale e poteri di polizia<\/em><\/strong><\/h6>\n\n\n\n<p><em>Pubblichiamo una versione aggiornata della &#8220;<a href=\"https:\/\/www.glomeda.org\/index.php\/2023\/11\/28\/lo-avremmo-chiamato-stato-di-polizia\/\" data-type=\"link\" data-id=\"https:\/\/www.glomeda.org\/index.php\/2023\/11\/28\/lo-avremmo-chiamato-stato-di-polizia\/\" target=\"_blank\" rel=\"noreferrer noopener\">disamina ragionata<\/a>&#8221; che analizzava lo schema di disegno di legge in materia di sicurezza alla luce della sua approvazione in Consiglio dei Ministri il 16 novembre 2023.<\/em><\/p>\n\n\n\n<p><em>La guida che qui proponiamo \u00e8 stata riveduta e corretta sulla base del testo che \u00e8 stato licenziato dalla Camera dei Deputati il 18 settembre scorso. Attualmente il disegno di legge \u00e8 in corso di esame in commissione al Senato.<\/em><\/p>\n\n\n\n<hr class=\"wp-block-separator has-alpha-channel-opacity\"\/>\n\n\n\n<p><strong>La legge Piantedosi Nordio Crosetto<\/strong><\/p>\n\n\n\n<p><strong><em>Guida alle nuove norme in materia di repressione, controllo sociale e poteri di polizia<\/em><\/strong><\/p>\n\n\n\n<p><\/p>\n\n\n\n<p><strong>Introduzione<\/strong><\/p>\n\n\n\n<p>Spesso si afferma che il grado di civilt\u00e0 giuridica di un ordinamento si misura sulla base dei diritti civili riconosciuti. In realt\u00e0, nell&#8217;epoca in cui stiamo vivendo, si tratta di un&#8217;affermazione che perde sempre di pi\u00f9 significato. Negli ordinamenti occidentali<strong> il riconoscimento <em>\u201csu carta\u201d<\/em> della sfera dei diritti civili<\/strong> e la retorica ideologica che accompagna le mere enunciazioni di principio <strong>\u00e8 oramai una pratica pienamente assunta dal potere <\/strong>e spesso utilizzata per mascherare la parabola reale dell&#8217;ordinamento giuridico e la sua profonda ristrutturazione in termini repressivi, giudiziari, polizieschi e carcerari.<\/p>\n\n\n\n<p>Se volessimo davvero individuare degli indicatori del grado di civilt\u00e0 giuridica di un paese nell&#8217;attuale contesto storico <strong>dovremmo principalmente focalizzare l&#8217;attenzione sulle trasformazioni dell&#8217;ordinamento penale<\/strong> e sul progressivo sviluppo dei dispositivi para-penali, ovvero dei dispositivi che, seppur di natura tecnicamente non penalistica, attuano dinamiche di controllo e di repressione che sono in rapporto di diretta funzionalit\u00e0 e complementariet\u00e0 con l&#8217;ordinamento penale. <\/p>\n\n\n\n<p>Per quanto riguarda il nostro paese <strong>il processo di trasformazione dell&#8217;ordinamento giuridico in termini di totalitarismo giudiziario<\/strong> e poliziesco \u00e8 estremamente avanzato e veloce. Ad ogni fatto di cronaca utile ad implementare tale processo corrispondono sistematicamente modifiche normative che incrementano le pene, introducono nuove ipotesi di reato e riducono verticalmente in nome della sicurezza le garanzie, gli spazi di espressione e quelli di autonomia sociale. <\/p>\n\n\n\n<p>Si tratta di<strong> un processo a cui hanno collaborato fattivamente tanto le forze politiche della sinistra istituzionale quanto le forze politiche della destra.<\/strong> Sotto questo profilo va sottolineato come il giustizialismo del Movimento 5 stelle e del PD abbiano costituito un volano fondamentale nel <em>\u201cripensamento\u201d<\/em> repressivo dell&#8217;ordinamento giuridico: per quanto riguarda i dispositivi para-penali non dimentichiamo che il daspo urbano \u00e8 stato introdotto dal ministro Minniti, responsabile anche della complessiva riforma della protezione internazionale in termini restrittivi e di riduzione della garanzie fondamentali.<\/p>\n\n\n\n<p>In questo contesto <strong>il tema dei diritti civili<\/strong>, ed in particolare quello della loro presunta protezione, <strong>diventa sistematicamente il dispositivo pi\u00f9 agevole<\/strong> attraverso cui il processo di trasformazione dell&#8217;ordinamento giuridico viene di volta in volta implementato. La principale<em> \u201cvittimizzazione secondaria\u201d<\/em> di chi subisce violenza avviene proprio su questo terreno: <strong>l&#8217;utilizzo strumentale della vittima<\/strong>, del corpo della vittima e delle relazioni affettive all&#8217;interno delle quali la vittima \u00e8 inserita, per dare ulteriore impulso al processo di trasformazione in termini totalitari dell&#8217;ordinamento giuridico. <\/p>\n\n\n\n<p>Ci\u00f2 senza che i nuovi <em>\u201cstrumenti giuridici\u201d<\/em> di volta in volta presentati come determinanti nella protezione della potenziale vittima incidano realmente su tale versante. Il paradigma che pone la sicurezza come categoria prevalente e prioritaria rispetto a quella della libert\u00e0 e dell&#8217;autonomia \u00e8 oramai consolidato con la complicit\u00e0 di chi lo sostiene apertamente e di chi ipocritamente non ne parla partecipando tuttavia attivamente a quel <em>\u201cdiscorso generale\u201d<\/em> che lo produce.<\/p>\n\n\n\n<p>La legge Piantedosi-Nordio-Crosetto segna <strong>un altro passaggio fondamentale nella complessiva ridefinizione dell&#8217;ordinamento giuridico. <\/strong>La dinamica di innalzamento delle pene, le nuove ipotesi di reato e le altre modifiche che a breve vedremo, al di l\u00e0 delle implicazioni dirette che esse producono, sono sintomatici di <strong>una cultura giuridica che cancella alla radice alcuni paradigmi fondamentali del pensiero giuridico moderno<\/strong>, come quello, ad esempio, della presunzione di innocenza o quello della proporzionalit\u00e0 della pena in rapporto all&#8217;effettiva offensivit\u00e0 della condotta assunta come delittuosa. <\/p>\n\n\n\n<p>Si riafferma, invece, l&#8217;idea rozza e primitiva che tanto pi\u00f9 la pena \u00e8 sproporzionata e tanto pi\u00f9 riesce ad essere dissuasiva: per intenderci, lo stesso <em>\u201cpensiero giuridico\u201d<\/em> con cui in altre epoche si giustificava l&#8217;impiccagione di un bracconiere. Ma le nuove disposizioni di legge <strong>colpiscono anche per la loro chiara finalit\u00e0 di repressione politica<\/strong>, per l&#8217;intento platealmente evidente di colpire le possibili forme di opposizione sociale e le loro potenziali articolazioni organizzative.<\/p>\n\n\n\n<ul class=\"wp-block-list\">\n<li><strong><a href=\"https:\/\/www.glomeda.org\/wp-content\/uploads\/2024\/10\/GuidaPiantedosiNordioCrosetto.pdf\" data-type=\"link\" data-id=\"https:\/\/www.glomeda.org\/wp-content\/uploads\/2024\/10\/GuidaPiantedosiNordioCrosetto.pdf\" target=\"_blank\" rel=\"noreferrer noopener\">Continua a leggere il contributo<\/a><\/strong><\/li>\n<\/ul>\n\n\n\n<div data-wp-interactive=\"core\/file\" class=\"wp-block-file\"><object data-wp-bind--hidden=\"!state.hasPdfPreview\" hidden class=\"wp-block-file__embed\" data=\"https:\/\/www.glomeda.org\/wp-content\/uploads\/2024\/10\/GuidaPiantedosiNordioCrosetto.pdf\" type=\"application\/pdf\" style=\"width:100%;height:600px\" aria-label=\"Incorporamento di GuidaPiantedosiNordioCrosetto.\"><\/object><a id=\"wp-block-file--media-ae872b76-0aaa-4299-9133-ca98145f5105\" href=\"https:\/\/www.glomeda.org\/wp-content\/uploads\/2024\/10\/GuidaPiantedosiNordioCrosetto.pdf\">GuidaPiantedosiNordioCrosetto<\/a><a href=\"https:\/\/www.glomeda.org\/wp-content\/uploads\/2024\/10\/GuidaPiantedosiNordioCrosetto.pdf\" class=\"wp-block-file__button wp-element-button\" download aria-describedby=\"wp-block-file--media-ae872b76-0aaa-4299-9133-ca98145f5105\">Download<\/a><\/div>\n\n\n\n<p><\/p>\n","protected":false},"excerpt":{"rendered":"<p>Guida alle nuove norme in materia di repressione, controllo sociale e poteri di polizia Pubblichiamo una versione aggiornata della &#8220;disamina<\/p>\n","protected":false},"author":1,"featured_media":3917,"comment_status":"closed","ping_status":"closed","sticky":false,"template":"","format":"standard","meta":{"colormag_page_container_layout":"default_layout","colormag_page_sidebar_layout":"default_layout","h5ap_radio_sources":[],"wp_social_preview_title":"","wp_social_preview_description":"","wp_social_preview_image":0,"footnotes":""},"categories":[119,252],"tags":[],"class_list":["post-3915","post","type-post","status-publish","format-standard","has-post-thumbnail","hentry","category-carcere","category-repressione"],"_links":{"self":[{"href":"https:\/\/www.glomeda.org\/index.php\/wp-json\/wp\/v2\/posts\/3915","targetHints":{"allow":["GET"]}}],"collection":[{"href":"https:\/\/www.glomeda.org\/index.php\/wp-json\/wp\/v2\/posts"}],"about":[{"href":"https:\/\/www.glomeda.org\/index.php\/wp-json\/wp\/v2\/types\/post"}],"author":[{"embeddable":true,"href":"https:\/\/www.glomeda.org\/index.php\/wp-json\/wp\/v2\/users\/1"}],"replies":[{"embeddable":true,"href":"https:\/\/www.glomeda.org\/index.php\/wp-json\/wp\/v2\/comments?post=3915"}],"version-history":[{"count":4,"href":"https:\/\/www.glomeda.org\/index.php\/wp-json\/wp\/v2\/posts\/3915\/revisions"}],"predecessor-version":[{"id":3925,"href":"https:\/\/www.glomeda.org\/index.php\/wp-json\/wp\/v2\/posts\/3915\/revisions\/3925"}],"wp:featuredmedia":[{"embeddable":true,"href":"https:\/\/www.glomeda.org\/index.php\/wp-json\/wp\/v2\/media\/3917"}],"wp:attachment":[{"href":"https:\/\/www.glomeda.org\/index.php\/wp-json\/wp\/v2\/media?parent=3915"}],"wp:term":[{"taxonomy":"category","embeddable":true,"href":"https:\/\/www.glomeda.org\/index.php\/wp-json\/wp\/v2\/categories?post=3915"},{"taxonomy":"post_tag","embeddable":true,"href":"https:\/\/www.glomeda.org\/index.php\/wp-json\/wp\/v2\/tags?post=3915"}],"curies":[{"name":"wp","href":"https:\/\/api.w.org\/{rel}","templated":true}]}}