{"id":388,"date":"2022-03-21T01:25:00","date_gmt":"2022-03-21T00:25:00","guid":{"rendered":"https:\/\/www.glomeda.org\/?p=388"},"modified":"2022-04-28T18:19:08","modified_gmt":"2022-04-28T16:19:08","slug":"25-26-marzo-per-questo-per-altro-per-tutto","status":"publish","type":"post","link":"https:\/\/www.glomeda.org\/index.php\/2022\/03\/21\/25-26-marzo-per-questo-per-altro-per-tutto\/","title":{"rendered":"25-26 marzo: per questo, per altro, per tutto"},"content":{"rendered":"\n<h6 class=\"wp-block-heading\"><strong><em>L&#8217;appello del Collettivo di Fabbrica Gkn &#8211; Gruppo di Supporto Insorgiamo<\/em><\/strong><em><strong> coi lavoratori Gkn<\/strong><\/em><\/h6>\n\n\n\n<p><strong>Firenze 26 marzo &#8211; Manifestazione nazionale<\/strong><\/p>\n\n\n\n<p><strong><em>Ore 14:30 Piazza Vittorio Veneto \u2013 Lato Parco Cascine<\/em><\/strong><\/p>\n\n\n\n<p><strong>25-26 marzo: per questo, per altro, per tutto. Insorgere con Gkn in una giornata di volont\u00e0 collettiva<\/strong><\/p>\n\n\n\n<p>Vi chiediamo qualche minuto di attenzione. Per leggere e far conoscere ad altre persone il contenuto di questo testo.<\/p>\n\n\n\n<p><strong>Il 26 marzo<\/strong> a Firenze \u2013 in collegamento con lo sciopero globale del clima del <strong>25 marzo<\/strong> \u2013 il Collettivo di Fabbrica Gkn e il Gruppo di Supporto Insorgiamo lanciano una nuova data di <strong>insorgenza<\/strong>. E\u2019 una scadenza di lotta \u201cper noi\u201d, perch\u00e9 la vertenza Gkn \u00e8 tutt\u2019altro che conclusa, la reindustrializzazione \u00e8 tutta solo sulla carta. E sar\u00e0 in ogni caso un processo lungo, dagli esiti incerti e verificabili solo nel tempo.<\/p>\n\n\n\n<p>Abbiamo ottenuto <strong>finora solo una vittoria parziale<\/strong>, che va resa irreversibile e generalizzata. E tutt\u2019oggi rischiamo di essere dentro un nuovo calcolo. Non ci hanno sconfitto i licenziamenti in tronco, ora rischiamo il logoramento da ammortizzatore sociale, incertezza e attesa. Un cassaintegrato dentro una fabbrica ferma \u00e8 potenzialmente solo un licenziato alla moviola.<\/p>\n\n\n\n<p>Per portare a termine la nostra lotta dobbiamo <strong>continuare a cambiare i rapporti di forza<\/strong> nel paese. E se cambiano, cambiano a favore di tutti e tutte. Per questo sar\u00e0 anche una scadenza di lotta \u201ccon noi\u201d, \u201cper i vostri problemi\u201d, perch\u00e9 Gkn deve aprire un precedente virtuoso. Non c\u2019\u00e8 fabbrica salva in un paese che non lo \u00e8. <strong>Nessuno si salva da solo<\/strong>.<\/p>\n\n\n\n<p>Vogliamo sconfiggere tutte le delocalizzazioni, rimettere al centro la questione salariale, il carovita e bollette, la riduzione d\u2019orario a parit\u00e0 di salario, l\u2019abolizione del precariato, rivendicare un polo pubblico per la mobilit\u00e0 sostenibile. E rimettere al centro la condizione di lavoratori e lavoratrici incontrate in questi mesi, che siano del settore pubblico o privato, di quello industriale o scolastico, di trasporti, sanit\u00e0, spettacolo, informazione, fissi, precari, in appalto, autonomi, migranti.<\/p>\n\n\n\n<p>Ed \u00e8 una giornata in cui convergono lotta contro la guerra, ambientale, sociale, transfemminista, per i diritti civili, di chi ha disabilit\u00e0, delle reti di economia solidale e mutualistica e quelle di solidariet\u00e0 internazionale. Perch\u00e9 abbiamo imparato che tutto si tiene, tutto si influenza. Solo in questa convergenza, solo appiccicati, tiene botta e si forma quella classe dirigente dal basso che pu\u00f2 rilanciare il paese. <strong>Questa convergenza \u00e8 chiamata a farsi maggioranza sociale e classe dirigente.<\/strong><\/p>\n\n\n\n<p>Il 26 marzo vuole essere una data <strong>radicale<\/strong>, in grado di andare alla radice dei processi, e <strong>fuori dall\u2019emergenza<\/strong>.<\/p>\n\n\n\n<p>A settembre ci siamo mobilitati con forza ma per un\u2019urgenza imposta dai licenziamenti dichiarati da un fondo finanziario. Eppure quei licenziamenti non erano nati in un giorno solo; erano il risultato di processi decennali di arretramento dei diritti, di crisi sistemica e di finanziarizzazione dell\u2019economia. E quei processi non sono di certo spariti, semmai peggiorati. Non bisogna sentire solo il rumore dell\u2019albero che cade ma cogliere il suono del sottobosco che cresce.<\/p>\n\n\n\n<p>Noi vi chiamiamo di nuovo in piazza, al di l\u00e0 dell\u2019emergenza di mobilitarsi solo quando scade il contratto, l\u2019appalto, si annunciano licenziamenti, delocalizzazioni, zone rosse e guerre. Fuori dallo stato emergenziale, per andare alla radice dei processi che lo causano. Per smettere di avere una agenda imposta da altri e costruirne una imposta dalla nostra volont\u00e0. <strong>Per questo, per altro, per tutto, #insorgiamo.<\/strong><\/p>\n","protected":false},"excerpt":{"rendered":"<p>L&#8217;appello del Collettivo di Fabbrica Gkn &#8211; Gruppo di Supporto Insorgiamo coi lavoratori Gkn Firenze 26 marzo &#8211; Manifestazione nazionale<\/p>\n","protected":false},"author":1,"featured_media":279,"comment_status":"closed","ping_status":"closed","sticky":false,"template":"","format":"standard","meta":{"colormag_page_container_layout":"default_layout","colormag_page_sidebar_layout":"default_layout","h5ap_radio_sources":[],"wp_social_preview_title":"","wp_social_preview_description":"","wp_social_preview_image":0,"footnotes":""},"categories":[61,7],"tags":[36,29,13],"class_list":["post-388","post","type-post","status-publish","format-standard","has-post-thumbnail","hentry","category-insorgiamo","category-lavoro","tag-gkn","tag-insorgiamo","tag-lavoro"],"_links":{"self":[{"href":"https:\/\/www.glomeda.org\/index.php\/wp-json\/wp\/v2\/posts\/388","targetHints":{"allow":["GET"]}}],"collection":[{"href":"https:\/\/www.glomeda.org\/index.php\/wp-json\/wp\/v2\/posts"}],"about":[{"href":"https:\/\/www.glomeda.org\/index.php\/wp-json\/wp\/v2\/types\/post"}],"author":[{"embeddable":true,"href":"https:\/\/www.glomeda.org\/index.php\/wp-json\/wp\/v2\/users\/1"}],"replies":[{"embeddable":true,"href":"https:\/\/www.glomeda.org\/index.php\/wp-json\/wp\/v2\/comments?post=388"}],"version-history":[{"count":1,"href":"https:\/\/www.glomeda.org\/index.php\/wp-json\/wp\/v2\/posts\/388\/revisions"}],"predecessor-version":[{"id":391,"href":"https:\/\/www.glomeda.org\/index.php\/wp-json\/wp\/v2\/posts\/388\/revisions\/391"}],"wp:featuredmedia":[{"embeddable":true,"href":"https:\/\/www.glomeda.org\/index.php\/wp-json\/wp\/v2\/media\/279"}],"wp:attachment":[{"href":"https:\/\/www.glomeda.org\/index.php\/wp-json\/wp\/v2\/media?parent=388"}],"wp:term":[{"taxonomy":"category","embeddable":true,"href":"https:\/\/www.glomeda.org\/index.php\/wp-json\/wp\/v2\/categories?post=388"},{"taxonomy":"post_tag","embeddable":true,"href":"https:\/\/www.glomeda.org\/index.php\/wp-json\/wp\/v2\/tags?post=388"}],"curies":[{"name":"wp","href":"https:\/\/api.w.org\/{rel}","templated":true}]}}