{"id":387,"date":"2022-03-25T01:25:00","date_gmt":"2022-03-25T00:25:00","guid":{"rendered":"https:\/\/www.glomeda.org\/?p=387"},"modified":"2022-04-28T15:19:39","modified_gmt":"2022-04-28T13:19:39","slug":"sul-forum-alternativo-mondiale-dellacqua-di-dakar","status":"publish","type":"post","link":"https:\/\/www.glomeda.org\/index.php\/2022\/03\/25\/sul-forum-alternativo-mondiale-dellacqua-di-dakar\/","title":{"rendered":"Sul Forum Alternativo Mondiale dell&#8217;Acqua di Dakar"},"content":{"rendered":"\n<h6 class=\"wp-block-heading\"><strong><em>Intervista a Renato Di Nicola, European Water Movement<\/em><\/strong><\/h6>\n\n\n\n<p>La capitale del Senegal ha ospitato dal 21 al 26 marzo la nona edizione del <em>Forum Mondiale dell&#8217;Acqua<\/em>, organismo internazionale costituitosi nel 1996, per la prima volta nel continente africano. In contemporanea si sono svolti i lavori del <em>Forum Alternativo (Fame 2002)<\/em> promosso da movimenti sociali e organizzazioni di base che lottano per il diritto universale all&#8217;acqua. Per il <em>Forum Italiano dei Movimenti per l&#8217;Acqua<\/em> e lo <em>European Water Movement<\/em> ha preso parte alla conferenza Renato Di Nicola, che abbiamo raggiunto in videocollegamento per approfondire i temi al centro del dibattito. Pubblichiamo anche la <strong><a href=\"https:\/\/www.acquabenecomune.org\/attivita\/internazionali\/182-fame\/4214-dichiarazione-finale-del-forum-alternativo-mondiale-dell-acqua-di-dakar\" data-type=\"URL\" data-id=\"https:\/\/www.acquabenecomune.org\/attivita\/internazionali\/182-fame\/4214-dichiarazione-finale-del-forum-alternativo-mondiale-dell-acqua-di-dakar\" target=\"_blank\" rel=\"noreferrer noopener\">Dichiarazione finale<\/a><\/strong> del <em>Fame 2022<\/em> che lancia gi\u00e0 l&#8217;appuntamento di Bali, in Indonesia, fra due anni.<\/p>\n\n\n\n<figure class=\"wp-block-video\"><video height=\"1080\" style=\"aspect-ratio: 1920 \/ 1080;\" width=\"1920\" controls src=\"https:\/\/www.glomeda.org\/wp-content\/uploads\/2022\/03\/Intervista-Forum-Acqua_corretto.mp4\"><\/video><\/figure>\n\n\n\n<h6 class=\"wp-block-heading\">&#8211; <strong>La dichiarazione finale del <em>Forum Alternativo Mondiale dell&#8217;Acqua<\/em> di Dakar<\/strong><\/h6>\n\n\n\n<p>Noi, rappresentanti dei movimenti contadini, donne, giovani, ONG, lavoratori e sindacati, comunit\u00e0 religiose e popoli indigeni di tutti i continenti, che lavoriamo collettivamente per difendere il diritto all&#8217;acqua e ai servizi igienici, ci siamo riuniti a Dakar dal 21al 26 marzo 2022 per il <em>Foro Alternativo Mondiale dell\u2019Acqua (FAME)<\/em>.&nbsp;<\/p>\n\n\n\n<p>Il FAME ha riunito centinaia di partecipanti da tutti i continenti, che hanno partecipato a, conferenze, workshop, mostre, visite in loco, proiezioni di film documentari, ecc. Si \u00e8 svolto in un contesto di stress idrico su scala planetaria, di crescente crisi climatica, di &nbsp;Pandemia di Covid e della globalizzazione economica neoliberista, dannosa per le comunit\u00e0 di tutto il mondo.&nbsp;Il tema di FAME era \u201cl&#8217;accesso all&#8217;acqua e ai servizi igienici \u00e8 una questione di salute pubblica e un barometro della democrazia\u201d.<\/p>\n\n\n\n<p>Le tante realt\u00e0 presenti hanno apportato ricchi scambi durante il forum:<\/p>\n\n\n\n<ul class=\"wp-block-list\"><li>L&#8217;acqua dolce rappresenta solo il 2,8% delle risorse idriche ed \u00e8 in diminuzione, solo l&#8217;1% \u00e8 in forma liquida e viene cos\u00ec utilizzata: il 70% dall&#8217;agricoltura irrigua, in particolare l&#8217;agrobusiness che rappresenta solo il 18% dei terreni coltivati nel mondo a scapito di agricoltura contadina, il 20% dalle industrie e il 10% solo per i bisogni domestici.<\/li><li>La scarsit\u00e0 d&#8217;acqua colpisce quasi il 40% della popolazione mondiale; le acque sotterranee, che costituiscono il 99% dell&#8217;acqua dolce liquida sulla terra ed \u00e8 in gran parte invisibile, si stanno rapidamente esaurendo portando a una siccit\u00e0 diffusa.<\/li><li>Tre persone su 10 non hanno accesso a servizi di acqua potabile gestiti in sicurezza.<\/li><li>Il peso del lavoro dovuto alla mancanza di accesso all&#8217;acqua ricade sulle spalle di donne, ragazze e bambini, che trascorrono 200 milioni di ore a raccogliere quest&#8217;acqua, ipotecando sicuramente il loro futuro.<\/li><li>Pi\u00f9 di due miliardi di persone non dispongono di strutture igienico-sanitarie di base come servizi igienici e latrine.<\/li><li>Pi\u00f9 di 700 bambini di et\u00e0 inferiore ai cinque anni muoiono ogni giorno per malattie diarroiche dovute al consumo di acqua non potabile o alla mancanza di igiene e servizi igienici.<\/li><li>Le inondazioni rappresentano il 70% delle cause di morte legate ai rischi naturali.<\/li><li>Gli organizzatori della giustizia idrica e altri difensori dei diritti umani subiscono continui attacchi da parte di stati e corporazioni e sono sempre pi\u00f9 vittime di violenze e repressioni.<\/li><\/ul>\n\n\n\n<p>Considerata la gravit\u00e0 di questa situazione, proclamiamo:<\/p>\n\n\n\n<ul class=\"wp-block-list\"><li>L&#8217;acqua \u00e8 la base della vita come la terra e l&#8217;aria.&nbsp;Sono il nostro patrimonio comune.&nbsp;I loro cicli naturali vitali devono essere rispettati per la conservazione della biodiversit\u00e0 e degli ecosistemi attraverso l&#8217;agroecologia.<\/li><li>Affinch\u00e9 le persone vivano dignitosamente e in buona salute, l&#8217;acqua deve essere gestita a tutti i livelli, in modo concertato, inclusivo, equo e partecipativo, rispettando i diritti delle comunit\u00e0 di base, dei popoli indigeni, degli equilibri ecologici, delle conoscenze indigene locali e tradizionali e valori endogeni e la loro libert\u00e0 di far valere questi diritti liberi dalla repressione e dalla violenza.<\/li><li>L&#8217;acqua, in quanto risorsa vitale, non \u00e8 n\u00e9 una merce da scambiare in borsa, n\u00e9 un bene da privatizzare a beneficio delle aziende ricche e multinazionali.&nbsp;La privatizzazione dei servizi idrici e la finanziarizzazione di questa risorsa arricchiscono le multinazionali a danno delle persone.<\/li><li>Tutte le persone, indipendentemente dalla capacit\u00e0 di pagamento e dal luogo di residenza, devono avere accesso garantito all&#8217;acqua e ai servizi igienici.<\/li><li>\u00c8 urgente attuare in modo ottimale a tutti i livelli l&#8217;Obiettivo di Sviluppo Sostenibile 6 che mira a garantire a tutti l&#8217;accesso a fonti di acqua potabile e servizi igienico-sanitari, ma anche a garantire la gestione sostenibile delle risorse idriche entro il 2030.<\/li><li>E\u2019 urgente applicare le risoluzioni adottate nel 2010 dall&#8217;Assemblea Generale delle Nazioni Unite e dal Consiglio per i diritti umani<\/li><li>Riconoscere che l&#8217;accesso all&#8217;acqua e ai servizi igienici \u00e8 un diritto.&nbsp;Deve essere integrato nel diritto internazionale e nelle costituzioni di tutti i paesi, come gi\u00e0 avviene in Uruguay, Venezuela, Bolivia, Burkina Faso e Senegal, la cui attuale costituzione recita: \u201cle risorse naturali appartengono al popolo\u201d.<\/li><li>Le disposizioni dell&#8217;articolo 21 della Dichiarazione delle Nazioni Unite sui diritti dei contadini e delle altre persone che lavorano nelle aree rurali relative al diritto dei contadini all&#8217;acqua devono essere diffuse e applicate in tutti i paesi.<\/li><li>Gli stati-nazione devono garantire la piena attuazione senza riserve della Dichiarazione delle Nazioni Unite sui diritti dei popoli indigeni.<\/li><\/ul>\n\n\n\n<p>Il <em>World Water <\/em>Alternative Forum (FAME) chiede:<\/p>\n\n\n\n<ul class=\"wp-block-list\"><li>Una convergenza di iniziative e azioni per lottare per il rispetto dei diritti all&#8217;acqua e ai servizi igienico-sanitari, alla terra e all&#8217;ambiente<\/li><li>Una campagna internazionale per sensibilizzare, costruire le capacit\u00e0 delle comunit\u00e0 rurali, urbane, dei popoli indigeni e sostenere l&#8217;effettiva integrazione del diritto all&#8217;acqua e ai servizi igienici nelle costituzioni e nelle politiche pubbliche di tutti i paesi.<\/li><li>Riunioni pi\u00f9 regolari della rete per lavorare verso questi obiettivi, per espandere la resistenza globale all&#8217;agenda idrica delle multinazionali e realizzare la giustizia idrica per tutti mentre in vista dell&#8217;Alternative World Water Forum 2024 a Bali, in Indonesia.&nbsp;Anche se, al di l\u00e0 di un Forum alternativo, siamo il People&#8217; s World Water Forum.<\/li><li>La creazione all&#8217;interno del sistema delle Nazioni Unite di un&#8217;Alta Autorit\u00e0 Indipendente per l&#8217;Acqua.<\/li><li>La creazione di una Conferenza indigena delle Nazioni Unite sull&#8217;acqua.<\/li><\/ul>\n\n\n\n<p><em>Dakar, 25 marzo 2022<\/em><\/p>\n\n\n\n<p><strong>&#8211; <a href=\"https:\/\/www.fame2022.org\" data-type=\"URL\" data-id=\"https:\/\/www.fame2022.org\" target=\"_blank\" rel=\"noreferrer noopener\">ll sito del Fame 2022<\/a><\/strong><\/p>\n","protected":false},"excerpt":{"rendered":"<p>Intervista a Renato Di Nicola, European Water Movement La capitale del Senegal ha ospitato dal 21 al 26 marzo la<\/p>\n","protected":false},"author":1,"featured_media":394,"comment_status":"closed","ping_status":"closed","sticky":false,"template":"","format":"standard","meta":{"colormag_page_container_layout":"default_layout","colormag_page_sidebar_layout":"default_layout","h5ap_radio_sources":[],"wp_social_preview_title":"","wp_social_preview_description":"","wp_social_preview_image":0,"footnotes":""},"categories":[16,15],"tags":[37,19,38],"class_list":["post-387","post","type-post","status-publish","format-standard","has-post-thumbnail","hentry","category-ambiente","category-internazionale","tag-acqua","tag-ambiente","tag-beni-comuni"],"_links":{"self":[{"href":"https:\/\/www.glomeda.org\/index.php\/wp-json\/wp\/v2\/posts\/387","targetHints":{"allow":["GET"]}}],"collection":[{"href":"https:\/\/www.glomeda.org\/index.php\/wp-json\/wp\/v2\/posts"}],"about":[{"href":"https:\/\/www.glomeda.org\/index.php\/wp-json\/wp\/v2\/types\/post"}],"author":[{"embeddable":true,"href":"https:\/\/www.glomeda.org\/index.php\/wp-json\/wp\/v2\/users\/1"}],"replies":[{"embeddable":true,"href":"https:\/\/www.glomeda.org\/index.php\/wp-json\/wp\/v2\/comments?post=387"}],"version-history":[{"count":2,"href":"https:\/\/www.glomeda.org\/index.php\/wp-json\/wp\/v2\/posts\/387\/revisions"}],"predecessor-version":[{"id":395,"href":"https:\/\/www.glomeda.org\/index.php\/wp-json\/wp\/v2\/posts\/387\/revisions\/395"}],"wp:featuredmedia":[{"embeddable":true,"href":"https:\/\/www.glomeda.org\/index.php\/wp-json\/wp\/v2\/media\/394"}],"wp:attachment":[{"href":"https:\/\/www.glomeda.org\/index.php\/wp-json\/wp\/v2\/media?parent=387"}],"wp:term":[{"taxonomy":"category","embeddable":true,"href":"https:\/\/www.glomeda.org\/index.php\/wp-json\/wp\/v2\/categories?post=387"},{"taxonomy":"post_tag","embeddable":true,"href":"https:\/\/www.glomeda.org\/index.php\/wp-json\/wp\/v2\/tags?post=387"}],"curies":[{"name":"wp","href":"https:\/\/api.w.org\/{rel}","templated":true}]}}