{"id":3822,"date":"2024-10-01T17:37:17","date_gmt":"2024-10-01T15:37:17","guid":{"rendered":"https:\/\/www.glomeda.org\/?p=3822"},"modified":"2024-10-09T14:14:06","modified_gmt":"2024-10-09T12:14:06","slug":"no-g7-not-on-my-body","status":"publish","type":"post","link":"https:\/\/www.glomeda.org\/index.php\/2024\/10\/01\/no-g7-not-on-my-body\/","title":{"rendered":"No G7! Not On My Body! &#8211; L&#8217;appello della cammpagna"},"content":{"rendered":"\n<h6 class=\"wp-block-heading\"><strong><em>L&#8217;appello della campagna di mobilitazione in opposizione al vertice interministeriale G7 sulla salute <\/em><\/strong><\/h6>\n\n\n\n<p><strong>I <em>\u201c7 Grandi\u201d<\/em> si interessano alla nostra salute. <\/strong>Ne siamo sicuri, visto che per loro la <em>\u201csalute\u201d<\/em> rappresenta un mercato dai profitti stratosferici, garantito dal pi\u00f9 infame dei ricatti: quello sulla vita e sulla stessa sopravvivenza fisica. <strong>I nostri corpi sfruttati<\/strong> in condizioni di lavoro sempre pi\u00f9 precarie, sottoposti a ritmi di produzione sempre pi\u00f9 stressanti, inseriti in un ambiente saturato dall\u2019inquinamento fossile, espropriati dei diritti e dei bisogni fondamentali, durano di meno, si rompono.<\/p>\n\n\n\n<p><strong>E quando i corpi si ammalano finiscono nell\u2019altro circuito di sfruttamento<\/strong>, quello delle big-pharma, delle cliniche private, delle compagnie assicurative, dei baroni della sanit\u00e0.<\/p>\n\n\n\n<p><strong>I corpi vengono trucidati e menomati anche nelle guerre<\/strong>, quelle stesse guerre che i <em>\u201c7G\u201d <\/em>producono ed alimentano a garanzia degli interessi geo-politici ed economici e per assicurare introiti miliardari alle industrie delle armi e della produzione bellica. <strong>Il genocidio del popolo palestinese<\/strong>, l\u2019uccisione di medici e sanitari nei territori occupati, il bombardamento degli ospedali, che i Paesi del G7 hanno scelto di coprire rifiutandosi di intraprendere qualsivoglia iniziativa di contrasto, fanno parte del bagaglio che i ministri della salute porteranno al vertice di Ancona, dove parleranno delle politiche di <em>\u201cprevenzione\u201d<\/em> e dell\u2019approccio <em>\u201cone health\u201d<\/em> alla salute nel mondo.<\/p>\n\n\n\n<p><strong>Il monopolio sui farmaci assicurato dai brevetti<\/strong>, che esclude dalle cure primarie intere popolazioni e taglieggia i redditi delle fasce sociali meno garantite, continua ad essere una roccaforte protetta da rigide normative internazionali e pesanti sanzioni. Le conquiste ottenute dopo lunghi cicli di lotte sul versante dei servizi sanitari pubblici sono ovunque oggetto di <strong>diffusi processi di privatizzazione<\/strong>, promossi attraverso mirate politiche di gestione delle risorse e di smantellamento dei servizi. <strong>Nel nostro Paese la situazione \u00e8 drammatica<\/strong>: le liste di attesa, la dismissione dei consultori e delle strutture di prevenzione territoriali, sono solo la punta dell\u2019iceberg, il riscontro violento della demolizione del servizio sanitario pubblico, che oramai ha oltrepassato ogni livello di guardia.<\/p>\n\n\n\n<p>Il vertice del G7 sulla salute, che si terr\u00e0 in Ancona il 9,10 e 11 ottobre, al di l\u00e0 della propaganda e delle acrobazie comunicative, <strong>servir\u00e0 a confermare e rilanciare quelle politiche globali di sfruttamento, privatizzazione e devastazione ambientale<\/strong> che ci sottraggono la salute e ci fanno pagare la malattia. In quegli stessi giorni in Ancona dobbiamo dire e fare altro. Semplicemente <strong>perch\u00e9 la nostra salute<\/strong>, nel suo pi\u00f9 ampio significato, <strong>\u00e8 troppo importante per essere ridotta alla fanfara dell\u2019ennesimo carrozzone mediatico del G7.<\/strong><\/p>\n\n\n\n<p><em>\u201cNot on my body\u201d<\/em> non \u00e8 solo uno slogan: <strong>\u00e8 una scelta di campo, \u00e8 la prima <em>\u201cfrase\u201d<\/em> di un altro discorso sulla salute<\/strong>, a cui nei giorni del vertice possiamo e vogliamo dare voce, pensiero ed azione. Fuori dal palcoscenico delle finzioni, devono esserci le persone reali, con i bisogni e le rivendicazioni che nascono da condizioni materiali di vita sempre pi\u00f9 insostenibili. <strong>Facciamo questo percorso insieme, perch\u00e8 la nostra forza \u00e8 proprio nei corpi che si uniscono<\/strong>, che scelgono di rompere l\u2019isolamento, di oltrepassare la soglia di casa e del luogo di lavoro per prendere parola sul proprio futuro.<\/p>\n\n\n\n<p><strong><em>Campagna No G7 Not On My Body<\/em><\/strong><\/p>\n","protected":false},"excerpt":{"rendered":"<p>L&#8217;appello della campagna di mobilitazione in opposizione al vertice interministeriale G7 sulla salute I \u201c7 Grandi\u201d si interessano alla nostra<\/p>\n","protected":false},"author":1,"featured_media":3823,"comment_status":"closed","ping_status":"closed","sticky":false,"template":"","format":"standard","meta":{"colormag_page_container_layout":"default_layout","colormag_page_sidebar_layout":"default_layout","h5ap_radio_sources":[],"wp_social_preview_title":"","wp_social_preview_description":"","wp_social_preview_image":0,"footnotes":""},"categories":[267],"tags":[268],"class_list":["post-3822","post","type-post","status-publish","format-standard","has-post-thumbnail","hentry","category-no-g7","tag-no-g7"],"_links":{"self":[{"href":"https:\/\/www.glomeda.org\/index.php\/wp-json\/wp\/v2\/posts\/3822","targetHints":{"allow":["GET"]}}],"collection":[{"href":"https:\/\/www.glomeda.org\/index.php\/wp-json\/wp\/v2\/posts"}],"about":[{"href":"https:\/\/www.glomeda.org\/index.php\/wp-json\/wp\/v2\/types\/post"}],"author":[{"embeddable":true,"href":"https:\/\/www.glomeda.org\/index.php\/wp-json\/wp\/v2\/users\/1"}],"replies":[{"embeddable":true,"href":"https:\/\/www.glomeda.org\/index.php\/wp-json\/wp\/v2\/comments?post=3822"}],"version-history":[{"count":3,"href":"https:\/\/www.glomeda.org\/index.php\/wp-json\/wp\/v2\/posts\/3822\/revisions"}],"predecessor-version":[{"id":3922,"href":"https:\/\/www.glomeda.org\/index.php\/wp-json\/wp\/v2\/posts\/3822\/revisions\/3922"}],"wp:featuredmedia":[{"embeddable":true,"href":"https:\/\/www.glomeda.org\/index.php\/wp-json\/wp\/v2\/media\/3823"}],"wp:attachment":[{"href":"https:\/\/www.glomeda.org\/index.php\/wp-json\/wp\/v2\/media?parent=3822"}],"wp:term":[{"taxonomy":"category","embeddable":true,"href":"https:\/\/www.glomeda.org\/index.php\/wp-json\/wp\/v2\/categories?post=3822"},{"taxonomy":"post_tag","embeddable":true,"href":"https:\/\/www.glomeda.org\/index.php\/wp-json\/wp\/v2\/tags?post=3822"}],"curies":[{"name":"wp","href":"https:\/\/api.w.org\/{rel}","templated":true}]}}