{"id":3710,"date":"2024-08-17T12:08:17","date_gmt":"2024-08-17T10:08:17","guid":{"rendered":"https:\/\/www.glomeda.org\/?p=3710"},"modified":"2024-08-17T12:12:37","modified_gmt":"2024-08-17T10:12:37","slug":"jesi-solidarieta-attiva","status":"publish","type":"post","link":"https:\/\/www.glomeda.org\/index.php\/2024\/08\/17\/jesi-solidarieta-attiva\/","title":{"rendered":"Jesi &#8211; Solidariet\u00e0 attiva al comitato di quartiere &#8220;Smia &#8211; Zona Industriale&#8221;"},"content":{"rendered":"\n<h6 class=\"wp-block-heading\"><strong><em>Il comunicato dello Spazio Comune Autogestito Tnt <\/em><\/strong><\/h6>\n\n\n\n<p>Abbiamo appreso da quanto comunicato dal <em>Comitato di quartiere Comitato Smia-Zona Ind. Jesi<\/em> che la Edison Next ha chiesto l&#8217;accesso agli atti amministrativi per acquisire informazioni circa l&#8217;affissione di manifesti, il cui contenuto di critica all&#8217;impianto di gestione rifiuti proposto dal Gruppo industriale \u00e8 stato ritenuto dalla Edison fuorviante e lesivo nei suoi confronti. <\/p>\n\n\n\n<p><strong>Riteniamo che l&#8217;atto di<em> \u201cindagine amministrativa\u201d<\/em> promosso nei confronti delle cittadine e dei cittadini del Comitato sia di assoluta gravit\u00e0. <\/strong>La gravit\u00e0 non riguarda tanto gli eventuali strascichi giudiziari, che sarebbero del tutto infondati, quanto piuttosto il fatto che simili iniziative sono idonee ad esplicare <strong>un effetto inibitorio e di deterrenza nell&#8217;esercizio del diritto di critica e di libera manifestazione del pensiero. <\/strong><\/p>\n\n\n\n<p>L&#8217;iniziativa intrapresa da Edison Next, tanto pi\u00f9 alla luce del contenuto assolutamente legittimo del manifesto<em> \u201cincriminato\u201d<\/em>, segna un salto di qualit\u00e0 che oltrepassa la specifica problematica dell&#8217;impatto ambientale della piattaforma di gestione dei rifiuti, <strong>per investire direttamente il tessuto democratico della citt\u00e0<\/strong>, la libera dialettica all&#8217;interno della comunit\u00e0 cittadina, sulla quale non pu\u00f2 pesare l&#8217;ipoteca di possibili denunce e richieste di risarcimento per le opinioni che vengono espresse. <\/p>\n\n\n\n<p>In queste settimane si \u00e8 ripetutamente parlato di <em>\u201cpercorso partecipato\u201d<\/em>, di istruttorie pubbliche e di consultazione dei cittadini: ma <strong>non pu\u00f2 esserci alcun reale \u201cpercorso partecipato\u201d se non viene garantito con rigore il diritto alla critica e al dissenso.<\/strong> Sono bastate poche ed essenziali righe di un manifesto perch\u00e8 Edison agitasse lo spettro di contenuti <em>\u201clesivi\u201d<\/em> nei suoi confronti: sarebbero queste le premesse di un libero confronto democratico all&#8217;interno della comunit\u00e0 cittadina? <\/p>\n\n\n\n<p><strong>E&#8217; necessario e urgente rispondere a simili iniziative con assoluta fermezza<\/strong> sia a livello sociale, che a livello istituzionale. Ci\u00f2 anche alla luce del sempre pi\u00f9 diffuso fenomeno delle cosiddette<em> \u201cSLAPP<\/em>\u201d, acronimo di <em>Strategic Lawsuits Against Public Participation<\/em>, ovvero della sempre pi\u00f9 consolidata <strong>pratica da parte di multinazionali, governi e potentati economici di promuovere o minacciare azioni legali<\/strong>, seppur infondate, contro attivisti e giornalisti al solo fine di imbavagliare la critica e di frenarne la libera espressione: proprio nel mese di marzo di quest&#8217;anno l&#8217;Unione Europea, vista l&#8217;estensione del fenomeno, ha approvato per contrastare la pratica delle <em>\u201cSLAPP\u201d<\/em> la Direttiva n. 2024\/1069, che gli Stati membri dovranno recepire nei loro ordinamenti interni. <\/p>\n\n\n\n<p>Per quanto ci riguarda <strong>esprimiamo tutta la nostra solidariet\u00e0 al <em>Comitato \u201cSmia \u2013 Zona Industriale\u201d<\/em><\/strong>, dichiarando da subito che <strong>sottoscriviamo integralmente<em> <\/em><\/strong><em>\u201csenza se e senza ma\u201d <\/em>il contenuto del manifesto e <strong>mettendoci a disposizione<\/strong> per ogni iniziativa che si intender\u00e0 intraprendere su questo versante. Ci sembra, comunque, utile ricordare a noi stessi e a chiunque altro che <strong>la capacit\u00e0 di resistenza democratica \u00e8 ben radicata nella nostra citt\u00e0<\/strong> e nella sua storia: chi la ignora avr\u00e0 senza dubbio modo di conoscerla.<\/p>\n\n\n\n<p> <em>\ud835\udc12\ud835\udc29\ud835\udc1a\ud835\udc33\ud835\udc22\ud835\udc28 \ud835\udc02\ud835\udc28\ud835\udc26\ud835\udc2e\ud835\udc27\ud835\udc1e \ud835\udc00\ud835\udc2e\ud835\udc2d\ud835\udc28\ud835\udc20\ud835\udc1e\ud835\udc2c\ud835\udc2d\ud835\udc22\ud835\udc2d\ud835\udc28 \ud835\udc13\ud835\udc0d\ud835\udc13<\/em><\/p>\n","protected":false},"excerpt":{"rendered":"<p>Il comunicato dello Spazio Comune Autogestito Tnt Abbiamo appreso da quanto comunicato dal Comitato di quartiere Comitato Smia-Zona Ind. Jesi<\/p>\n","protected":false},"author":1,"featured_media":3711,"comment_status":"closed","ping_status":"closed","sticky":false,"template":"","format":"standard","meta":{"colormag_page_container_layout":"default_layout","colormag_page_sidebar_layout":"default_layout","h5ap_radio_sources":[],"wp_social_preview_title":"","wp_social_preview_description":"","wp_social_preview_image":0,"footnotes":""},"categories":[16,8],"tags":[270],"class_list":["post-3710","post","type-post","status-publish","format-standard","has-post-thumbnail","hentry","category-ambiente","category-in-evidenza","tag-stop-edison"],"_links":{"self":[{"href":"https:\/\/www.glomeda.org\/index.php\/wp-json\/wp\/v2\/posts\/3710","targetHints":{"allow":["GET"]}}],"collection":[{"href":"https:\/\/www.glomeda.org\/index.php\/wp-json\/wp\/v2\/posts"}],"about":[{"href":"https:\/\/www.glomeda.org\/index.php\/wp-json\/wp\/v2\/types\/post"}],"author":[{"embeddable":true,"href":"https:\/\/www.glomeda.org\/index.php\/wp-json\/wp\/v2\/users\/1"}],"replies":[{"embeddable":true,"href":"https:\/\/www.glomeda.org\/index.php\/wp-json\/wp\/v2\/comments?post=3710"}],"version-history":[{"count":2,"href":"https:\/\/www.glomeda.org\/index.php\/wp-json\/wp\/v2\/posts\/3710\/revisions"}],"predecessor-version":[{"id":3714,"href":"https:\/\/www.glomeda.org\/index.php\/wp-json\/wp\/v2\/posts\/3710\/revisions\/3714"}],"wp:featuredmedia":[{"embeddable":true,"href":"https:\/\/www.glomeda.org\/index.php\/wp-json\/wp\/v2\/media\/3711"}],"wp:attachment":[{"href":"https:\/\/www.glomeda.org\/index.php\/wp-json\/wp\/v2\/media?parent=3710"}],"wp:term":[{"taxonomy":"category","embeddable":true,"href":"https:\/\/www.glomeda.org\/index.php\/wp-json\/wp\/v2\/categories?post=3710"},{"taxonomy":"post_tag","embeddable":true,"href":"https:\/\/www.glomeda.org\/index.php\/wp-json\/wp\/v2\/tags?post=3710"}],"curies":[{"name":"wp","href":"https:\/\/api.w.org\/{rel}","templated":true}]}}