{"id":3482,"date":"2024-06-03T18:06:18","date_gmt":"2024-06-03T16:06:18","guid":{"rendered":"https:\/\/www.glomeda.org\/?p=3482"},"modified":"2024-06-04T11:27:28","modified_gmt":"2024-06-04T09:27:28","slug":"contro-il-g7-di-ancona-assemblea-venerdi-21-giugno","status":"publish","type":"post","link":"https:\/\/www.glomeda.org\/index.php\/2024\/06\/03\/contro-il-g7-di-ancona-assemblea-venerdi-21-giugno\/","title":{"rendered":"Contro il G7 di Ancona &#8211; Assemblea venerd\u00ec 21 giugno"},"content":{"rendered":"\n<p><strong>Contro il G7 di Ancona<\/strong><\/p>\n\n\n\n<p><strong>Fuori il profitto dalla salute<\/strong><\/p>\n\n\n\n<p><strong>Dal 9 al 11 ottobre<\/strong> la Mole Vanvitelliana di Ancona ospiter\u00e0 il summit dei ministri del <strong>G7 dedicato alla salute<\/strong>. <em>\u201cRafforzare l\u2019architettura della salute globale, rafforzare la prevenzione, la preparazione e la risposta alle future pandemie, incoraggiare la prevenzione lungo tutto l\u2019arco della vita &#8230;<\/em>\u201d; cos\u00ec scrivono lor signori. <\/p>\n\n\n\n<p>Parole roboanti, illusioni di futuro, calate in un Paese &#8211; l\u2019Italia &#8211; che vanta <strong>37 miliardi tagliati alla sanit\u00e0<\/strong> pubblica soltanto nel decennio 2010-2020 e in una Regione &#8211; le Marche &#8211; che si trova al dodicesimo posto tra le regioni italiane nel saper garantire le cure essenziali ai propri cittadini, visto che nel 2023 \u00e8 stato approvato un bilancio di previsione che prevede <strong>tagli per 148 milioni di euro<\/strong>. <\/p>\n\n\n\n<p>Intanto, mentre ci si appresta ad imbandire la tavola dei sette grandi con la miglior argenteria, il Governo Meloni taglia 1,2 miliardi alla sanit\u00e0 nazionale. Nella presentazione del vertice ci parlano di<em> \u201capproccio One Health<\/em>\u201d cio\u00e8 di convergenza tra salute umana, animale e ambientale, mentre <strong>i processi di estrattivismo e le dinamiche predatorie del capitalismo fossile vanno avanti senza sosta<\/strong>, accelerando anche la distruzione di quel<em> &#8216;non umano<\/em>&#8216; che a parole dichiarano di voler salvaguardare. <\/p>\n\n\n\n<p>Parlano della salute come condizione generale degli ecosistemi, mentre <strong>il cambiamento climatico \u00e8 figlio delle politiche capitaliste<\/strong> di consumo di suolo che rende fragili i nostri territori davanti ad alluvioni e terremoti; della produzione di anidride carbonica che rende irrespirabile l\u2019aria delle nostre citt\u00e0 e delle plastiche che riempiono i nostri mari. <\/p>\n\n\n\n<p>Il fatto che i sette grandi si riuniscano nella provincia di Ancona <strong>dove alberga l\u2019ecomostro API <\/strong>con i suoi sversamenti inquinanti in Adriatico e nei polmoni di chi vi abita, rende il tutto ancora pi\u00f9 intollerabile. Leader, ministri e portaborse vengono a farci la morale dall\u2019alto delle loro ricchezze parlando di <em>\u201cstili di vita corretti\u201d<\/em>, mentre le esigenze della produzione, del lavoro e del consumo rendono i ritmi di vita sempre pi\u00f9 veloci, isterici e ansiogeni e intanto i salari ed i redditi stanno al palo. <\/p>\n\n\n\n<p>Ci parlano anche di innovazione tecnologica e scientifica, mentre la ricerca pubblica \u00e8 tartassata di tagli e le invenzioni utili alla collettivit\u00e0 subiscono la <strong>privatizzazione dei brevetti<\/strong>. Allo stesso modo ci parlano dell\u2019importanza delle politiche di prevenzione mentre tutte e tutti conosciamo perfettamente <strong>i disservizi, i costi, le attese, le file e le infiltrazioni reazionarie degli antiabortisti nei consultori<\/strong> di un SSN ormai al collasso. <\/p>\n\n\n\n<p><strong>La privatizzazione della salute \u00e8 ormai un fatto<\/strong>, come l\u2019accesso alle cure \u00e8 ormai diventato un privilegio e non pi\u00f9 un diritto. <\/p>\n\n\n\n<p>Per questo riteniamo che la parola d\u2019ordine da opporre agli espropriatori di diritti \u00e8: <strong><em>fuori il profitto dalla salute! <\/em><\/strong><\/p>\n\n\n\n<p>\u00c8 necessario rivendicare <strong>una separazione radicale tra profitto e diritto<\/strong>, ponendola al centro di ogni discussione riguardante la politica sanitaria. <strong>Il diritto alla salute non \u00e8 una merce<\/strong>, n\u00e9 una variabile dipendente dalle oscillazioni del mercato o dei profitti delle grandi aziende farmaceutiche. <\/p>\n\n\n\n<p>Contro il G7 dei profitti sulla salute vogliamo porre al centro delle nostre iniziative <strong>il rapporto territorio-salute-ambiente<\/strong> in continuit\u00e0 con le mobilitazioni della <strong>campagna <em>#fermiamoilDisastroambientale<\/em><\/strong> contro la raffineria Api e <strong>la lotta con ogni mezzo necessario contro le politiche di tagli e privatizzazione della sanit\u00e0<\/strong> pubblica che investono il nostro territorio regionale, l&#8217;intero Paese e le strategie globali dei potentati economici e delle<em> \u201cbig pharma\u201d<\/em>. <\/p>\n\n\n\n<p>Crediamo che sia importante e necessario <strong>costruire un percorso che all&#8217;interno di un claim comune,<\/strong> <strong>espressione della critica condivisa e radicale alle politiche del G7<\/strong>, possa portare all&#8217;appuntamento di ottobre una molteplicit\u00e0 di iniziative, radicate nelle diverse sensibilit\u00e0  e capaci di dare voce ai bisogni, alle problematiche e alle tensioni che le realt\u00e0 sociali vivono sul tema della salute e del suo sistematico esproprio. <\/p>\n\n\n\n<p>Proponiamo di incontrarci per avviare e sviluppare il confronto tra tutte le realt\u00e0 interessate <strong>nell&#8217;assemblea che si terr\u00e0 venerd\u00ec 21 giugno alle ore 21.00<\/strong> presso la sede dell\u2019<em>Ambasciata dei Diritti<\/em> di <strong>Ancona<\/strong>, via Urbino n.18 Ancona. <\/p>\n\n\n\n<p><strong><em>No G7! Not On My Body! <\/em><\/strong><\/p>\n\n\n\n<p><\/p>\n","protected":false},"excerpt":{"rendered":"<p>Contro il G7 di Ancona Fuori il profitto dalla salute Dal 9 al 11 ottobre la Mole Vanvitelliana di Ancona<\/p>\n","protected":false},"author":1,"featured_media":3483,"comment_status":"closed","ping_status":"closed","sticky":false,"template":"","format":"standard","meta":{"colormag_page_container_layout":"default_layout","colormag_page_sidebar_layout":"default_layout","h5ap_radio_sources":[],"wp_social_preview_title":"","wp_social_preview_description":"","wp_social_preview_image":0,"footnotes":""},"categories":[8,1],"tags":[],"class_list":["post-3482","post","type-post","status-publish","format-standard","has-post-thumbnail","hentry","category-in-evidenza","category-uncategorized"],"_links":{"self":[{"href":"https:\/\/www.glomeda.org\/index.php\/wp-json\/wp\/v2\/posts\/3482","targetHints":{"allow":["GET"]}}],"collection":[{"href":"https:\/\/www.glomeda.org\/index.php\/wp-json\/wp\/v2\/posts"}],"about":[{"href":"https:\/\/www.glomeda.org\/index.php\/wp-json\/wp\/v2\/types\/post"}],"author":[{"embeddable":true,"href":"https:\/\/www.glomeda.org\/index.php\/wp-json\/wp\/v2\/users\/1"}],"replies":[{"embeddable":true,"href":"https:\/\/www.glomeda.org\/index.php\/wp-json\/wp\/v2\/comments?post=3482"}],"version-history":[{"count":4,"href":"https:\/\/www.glomeda.org\/index.php\/wp-json\/wp\/v2\/posts\/3482\/revisions"}],"predecessor-version":[{"id":3488,"href":"https:\/\/www.glomeda.org\/index.php\/wp-json\/wp\/v2\/posts\/3482\/revisions\/3488"}],"wp:featuredmedia":[{"embeddable":true,"href":"https:\/\/www.glomeda.org\/index.php\/wp-json\/wp\/v2\/media\/3483"}],"wp:attachment":[{"href":"https:\/\/www.glomeda.org\/index.php\/wp-json\/wp\/v2\/media?parent=3482"}],"wp:term":[{"taxonomy":"category","embeddable":true,"href":"https:\/\/www.glomeda.org\/index.php\/wp-json\/wp\/v2\/categories?post=3482"},{"taxonomy":"post_tag","embeddable":true,"href":"https:\/\/www.glomeda.org\/index.php\/wp-json\/wp\/v2\/tags?post=3482"}],"curies":[{"name":"wp","href":"https:\/\/api.w.org\/{rel}","templated":true}]}}