{"id":220,"date":"2022-03-11T18:04:37","date_gmt":"2022-03-11T17:04:37","guid":{"rendered":"https:\/\/www.glomeda.org\/?p=220"},"modified":"2022-04-28T15:14:02","modified_gmt":"2022-04-28T13:14:02","slug":"fuori-dal-fossile-convergiamo-tutt-il-26-marzo","status":"publish","type":"post","link":"https:\/\/www.glomeda.org\/index.php\/2022\/03\/11\/fuori-dal-fossile-convergiamo-tutt-il-26-marzo\/","title":{"rendered":"Fuori dal Fossile &#8211; Convergiamo tutt* il 26 marzo"},"content":{"rendered":"\n<p><em>(dal blog della&nbsp;<a href=\"https:\/\/fuoridalfossile.wordpress.com\/2022\/03\/11\/insorgiamo-e-convergiamo-tutt-il-26-marzo-con-la-gkn-a-firenze\/\" target=\"_blank\" rel=\"noreferrer noopener\">Campagna \u2018Per il clima, fuori dal fossile\u2019<\/a>)<\/em><\/p>\n\n\n\n<p><strong>#Insorgiamo e convergiamo tutt* il 26 marzo con la Gkn a Firenze<\/strong><\/p>\n\n\n\n<p>In questi mesi in tante piazze, cortei, assemblee, abbiamo parteggiato con la lotta dei lavoratori e le lavoratrici della GKN di Campo Bisenzio.<br>Ci siamo sentiti parte complice della loro presa di parola contro le delocalizzazioni, per lo sciopero generale e generalizzato, nella messa in discussione dei rapporti di forza nel mondo del lavoro, cos\u00ec come abbiamo avvertito la loro presenza e sintonia verso quelle movimentazioni che in tanti e tante abbiamo messo in moto intorno a questa sempre pi\u00f9 contraddittoria e ambigua transizione ecologica, che assume forme e contenuti diversi, a seconda che sia imposta dall\u2019alto o insorga dal basso.<\/p>\n\n\n\n<p>Il sentirsi dalla stessa parte, il ritrovarsi nelle stesse piazze, il combattere da diversi fronti quelli che sempre pi\u00f9 spesso si disvelano come gli stessi nemici, sono tutti segnali che ci indicano un percorso, certo ancora lungo, ma gi\u00e0 vivo ed attivo in forme nuove che oltrepassano le agende imposte da altri.<\/p>\n\n\n\n<p>Contestualmente al ritorno della guerra in seno all\u2019Europa \u00e8 passato nel dimenticatoio il nuovo rapporto dell\u2019IPCC sui cambiamenti climatici dello scorso 28 febbraio, successivo a quello ben pi\u00f9 noto del 2018, secondo il quale per contenere l\u2019aumento della temperatura media globale entro 1.5\u00b0 sarebbe necessario ridurre le emissioni di gas CO2 e di gas climalteranti del 55% entro il 2030 e del 100% entro il 2050. La crisi climatica non \u00e8 pi\u00f9 solo un presagio futuribile, ma il nostro presente che ci impone quanto prima strategie nel contempo di adattamento a tutela dei bisogni sociali e di costruzione oggi dei percorsi di uscita dai modelli economici che quella crisi l\u2019hanno prodotta. Il futuro prossimo dell\u2019Europa, specie quella meridionale, cio\u00e8 casa nostra, sar\u00e0 caratterizzato da siccit\u00e0 e ondate di calore, intensit\u00e0 di inondazioni e aumento del livello del mare, progressiva scarsit\u00e0 delle risorse idriche, quell\u2019acqua bene comune ancora e continuamente a rischio grazie alla nuova ondata di privatizzazioni del governo Draghi.<\/p>\n\n\n\n<p><br>Crisi climatica, pandemia globale, e ora la guerra, hanno accelerato e precipitato processi di digitalizzazione dell\u2019esistenza e di forme di controllo sempre pi\u00f9 poliziesche, e allo stesso tempo di smisurata concentrazione di ricchezze finanziarie e produzione di povert\u00e0 diffuse.<br>La guerra \u00e8 sempre la continuazione della politica con altri mezzi, i pi\u00f9 sporchi e ipocriti: qui cade ogni vincolo economico di bilancio, ora si silenzia ogni spazio di mediazione e conflitto.<br>Di fronte allo stato di emergenza, sono gli stessi responsabili della crisi a fornire le soluzioni: aumento delle spese militari e corsa agli armamenti, riapertura delle centrali a carbone e nuove trivellazioni, nucleare a fissione che tanto anche l\u2019unione europea ci ha detto che \u00e8 green.<\/p>\n\n\n\n<p>La chiamata a convergere il 26 marzo, oggi, in questo contesto, amplifica il suo valore, e lo fa al rialzo, senza nulla togliere alle innumerevoli ragioni che lo hanno voluto e prefigurato, e facendo sintesi con il dato di eccezionalit\u00e0 dello scenario di guerra in cui ci vogliono impantanare.<\/p>\n\n\n\n<p>Convergere significa mettere in comune come l\u2019arma delle delocalizzazioni massimizzi i profitti d\u2019impresa abbassando il costo del lavoro e i diritti dei lavoratori, globalizzi i capitali e localizzi la precariet\u00e0, e come egualmente eluda gli obblighi sull\u2019abbattimento delle emissioni di CO2 creando nuovi rapporti coloniali, di sfruttamento, nuove ridefinizioni mondiali del mercato del lavoro, della produzione, delle esportazioni, ancora pi\u00f9 inquinanti ed energivore.<\/p>\n\n\n\n<p>Convergere verso un cambiamento radicale delle politiche energetiche, della mobilit\u00e0, della riconversione industriale e della bonifica dei territori inquinati. Interrogativi all\u2019ordine del giorno, sfide sulle quali misurarci. Per rompere il ricatto dei licenziamenti e delle delocalizzazioni, per la garanzia di un reddito diretto e indiretto, specie nell\u2019attuale contesto di crisi economica che sta colpendo duramente le fasce sociali pi\u00f9 deboli, con un grave e repentino innalzamento dei prezzi delle materie prime, dei beni di prima necessit\u00e0, delle bollette e del costo della vita.<br>Convergere verso un\u2019autentica transizione ecologica che passi attraverso il cambiamento dei modi di produzione, oltre e pi\u00f9 che degli stili di vita. Oltre il consumo consapevole, le pratiche di economia stanziale e di prossimit\u00e0, le forme di risparmio e di filiere corte energetiche, la microgenerazione diffusa da energie rinnovabili, vanno di pari passo aggredite le questioni del come del cosa del quanto produciamo, degli spostamenti dei confini delle nuove forme di accumulazione che privatizzano e riducono a merce la natura, il vivente, il sapere e la conoscenza, i beni comuni.<\/p>\n\n\n\n<p>Convergere significa ancora che il muro divisorio della storica strumentalizzazione del presunto conflitto ambiente\/lavoro, sempre aizzata da chi ben sappiamo in momenti nevralgici di decisione politica e con conseguenze spesso nefaste per la difesa dell\u2019ambiente come del lavoro, oggi manifesta sempre pi\u00f9 falle.<br>Convergere per continuare ad allargare queste crepe, intrecciare le mobilitazioni, stringere ancora di pi\u00f9 i nodi tra lotte operaie e battaglie territoriali, tra saperi scientifici, tecnici e giuridici ed esperienze di democrazia e partecipazione diretta e dal basso. Oggi si diffondono sempre di pi\u00f9 nuove consapevolezze e sperimentazioni che individuano nel legame tra garanzia del reddito e del lavoro, ed una reale e giusta transizione ecologica un passaggio ineludibile.<\/p>\n\n\n\n<p>Il 26 marzo saremo a Firenze per convergere con il nostro pezzo di storia, con le nostre convinzioni, con i volti e i corpi delle attiviste e degli attivisti provenienti dalla lunga cartografia di questo paese che sacrifica intere comunit\u00e0, pezzi di territorio, vite pulsanti, sull\u2019altare del profitto dell\u2019economia da fonti fossili, tossiche, nocive.<\/p>\n\n\n\n<p><em>Campagna Per il clima fuori dal fossile<\/em><\/p>\n\n\n\n<p><em> 8 marzo \u201922<\/em><\/p>\n","protected":false},"excerpt":{"rendered":"<p>(dal blog della&nbsp;Campagna \u2018Per il clima, fuori dal fossile\u2019) #Insorgiamo e convergiamo tutt* il 26 marzo con la Gkn a<\/p>\n","protected":false},"author":1,"featured_media":276,"comment_status":"closed","ping_status":"closed","sticky":false,"template":"","format":"standard","meta":{"colormag_page_container_layout":"default_layout","colormag_page_sidebar_layout":"default_layout","h5ap_radio_sources":[],"wp_social_preview_title":"","wp_social_preview_description":"","wp_social_preview_image":0,"footnotes":""},"categories":[16,61],"tags":[19,20,29],"class_list":["post-220","post","type-post","status-publish","format-standard","has-post-thumbnail","hentry","category-ambiente","category-insorgiamo","tag-ambiente","tag-clima","tag-insorgiamo"],"_links":{"self":[{"href":"https:\/\/www.glomeda.org\/index.php\/wp-json\/wp\/v2\/posts\/220","targetHints":{"allow":["GET"]}}],"collection":[{"href":"https:\/\/www.glomeda.org\/index.php\/wp-json\/wp\/v2\/posts"}],"about":[{"href":"https:\/\/www.glomeda.org\/index.php\/wp-json\/wp\/v2\/types\/post"}],"author":[{"embeddable":true,"href":"https:\/\/www.glomeda.org\/index.php\/wp-json\/wp\/v2\/users\/1"}],"replies":[{"embeddable":true,"href":"https:\/\/www.glomeda.org\/index.php\/wp-json\/wp\/v2\/comments?post=220"}],"version-history":[{"count":3,"href":"https:\/\/www.glomeda.org\/index.php\/wp-json\/wp\/v2\/posts\/220\/revisions"}],"predecessor-version":[{"id":277,"href":"https:\/\/www.glomeda.org\/index.php\/wp-json\/wp\/v2\/posts\/220\/revisions\/277"}],"wp:featuredmedia":[{"embeddable":true,"href":"https:\/\/www.glomeda.org\/index.php\/wp-json\/wp\/v2\/media\/276"}],"wp:attachment":[{"href":"https:\/\/www.glomeda.org\/index.php\/wp-json\/wp\/v2\/media?parent=220"}],"wp:term":[{"taxonomy":"category","embeddable":true,"href":"https:\/\/www.glomeda.org\/index.php\/wp-json\/wp\/v2\/categories?post=220"},{"taxonomy":"post_tag","embeddable":true,"href":"https:\/\/www.glomeda.org\/index.php\/wp-json\/wp\/v2\/tags?post=220"}],"curies":[{"name":"wp","href":"https:\/\/api.w.org\/{rel}","templated":true}]}}