{"id":2121,"date":"2023-07-28T15:47:44","date_gmt":"2023-07-28T13:47:44","guid":{"rendered":"https:\/\/www.glomeda.org\/?p=2121"},"modified":"2023-07-28T15:54:48","modified_gmt":"2023-07-28T13:54:48","slug":"il-sabir-dei-pirati-intervista-con-federico-de-ambrosis","status":"publish","type":"post","link":"https:\/\/www.glomeda.org\/index.php\/2023\/07\/28\/il-sabir-dei-pirati-intervista-con-federico-de-ambrosis\/","title":{"rendered":"&#8216;Il sabir dei pirati&#8217; Intervista con Federico De Ambrosis"},"content":{"rendered":"\n<h6 class=\"wp-block-heading\"><strong><em>In occasione della presentazione del libro ospitata dal Csa Officina Trenino di Porto San Giorgio <\/em><\/strong><\/h6>\n\n\n\n<p>Lo scorso 6 luglio si \u00e8 svolta la presentazione del libro<em> &#8216;Il sabir dei pirati. 1001 vicende della guerra di corsa del Mediterraneo&#8217; (Prospero Editore, 2022)<\/em> presso il centro sociale Officina Trenino di Porto San Giorgio.<\/p>\n\n\n\n<p>Attraverso 1001 aneddoti, questo libro propone una ricostruzione storica dei fatti di pirateria e guerra di corsa avvenuti nelle acque del Mediterraneo tra il 1536 e il 1574. La parabola umana di Giovanni Dionigi Galeni, sequestrato da ragazzino a Isola di Capo Rizzuto e destinato, dopo la conversione, a una folgorante carriera nella marina turca, si dirama in altri quattro filoni narrativi dedicati ai coprotagonisti e alle scenografie di questa storia sconosciuta ai pi\u00f9.<\/p>\n\n\n\n<p><em>&#8220;Le figure pi\u00f9 interessanti combattevano dall&#8217;altra parte, le figure pi\u00f9 meticcie, pi\u00f9 elaborate, con pi\u00f9 travaglio e anche con pi\u00f9 possibilit\u00e0 di evoluzione. Era una marina tutto sommato meritocratica, quella Ottomana. Mentre di qua trovavamo delle figure pi\u00f9 lineari, quindi forse meno interessanti da raccontare: nascevi ricco comandavi, nascevi povero remavi.&#8221;<\/em><\/p>\n\n\n\n<p>Il sito <a href=\"https:\/\/www.ilsabirdeipirati.it\/\">www.ilsabirdeipirati.it<\/a> ospita un prequel online alle vicende narrate, oltre ad un database geolocalizzato e alcuni materiali del libro.<\/p>\n\n\n\n<p>L&#8217;autore Federico De Ambrosis \u00e8 nato a Angera (VA) nel 1981 e da vent&#8217;anni vive a Milano. Docente di informatica, ha una lunga storia di militanza nelle battaglie per i diritti sociali. Nel 2016 ha pubblicato <em>&#8216;Bomber renegade, un soldato di sua maest\u00e0 al servizio dell&#8217;IRA&#8217;<\/em> <em>(Milieu)<\/em>.<\/p>\n\n\n\n<figure class=\"wp-block-embed is-type-video is-provider-youtube wp-block-embed-youtube wp-embed-aspect-16-9 wp-has-aspect-ratio\"><div class=\"wp-block-embed__wrapper\">\n<iframe loading=\"lazy\" title=\"06.07.23 Il sabir dei pirati - Intervista con Federico De Ambrosis\" width=\"800\" height=\"450\" src=\"https:\/\/www.youtube.com\/embed\/I6NdDDIXdzk?feature=oembed\" frameborder=\"0\" allow=\"accelerometer; autoplay; clipboard-write; encrypted-media; gyroscope; picture-in-picture; web-share\" allowfullscreen><\/iframe>\n<\/div><\/figure>\n","protected":false},"excerpt":{"rendered":"<p>In occasione della presentazione del libro ospitata dal Csa Officina Trenino di Porto San Giorgio Lo scorso 6 luglio si<\/p>\n","protected":false},"author":1,"featured_media":2122,"comment_status":"closed","ping_status":"closed","sticky":false,"template":"","format":"standard","meta":{"colormag_page_container_layout":"default_layout","colormag_page_sidebar_layout":"default_layout","h5ap_radio_sources":[],"wp_social_preview_title":"","wp_social_preview_description":"","wp_social_preview_image":0,"footnotes":""},"categories":[18],"tags":[130],"class_list":["post-2121","post","type-post","status-publish","format-standard","has-post-thumbnail","hentry","category-libri-film","tag-barricate-di-carta"],"_links":{"self":[{"href":"https:\/\/www.glomeda.org\/index.php\/wp-json\/wp\/v2\/posts\/2121","targetHints":{"allow":["GET"]}}],"collection":[{"href":"https:\/\/www.glomeda.org\/index.php\/wp-json\/wp\/v2\/posts"}],"about":[{"href":"https:\/\/www.glomeda.org\/index.php\/wp-json\/wp\/v2\/types\/post"}],"author":[{"embeddable":true,"href":"https:\/\/www.glomeda.org\/index.php\/wp-json\/wp\/v2\/users\/1"}],"replies":[{"embeddable":true,"href":"https:\/\/www.glomeda.org\/index.php\/wp-json\/wp\/v2\/comments?post=2121"}],"version-history":[{"count":2,"href":"https:\/\/www.glomeda.org\/index.php\/wp-json\/wp\/v2\/posts\/2121\/revisions"}],"predecessor-version":[{"id":2124,"href":"https:\/\/www.glomeda.org\/index.php\/wp-json\/wp\/v2\/posts\/2121\/revisions\/2124"}],"wp:featuredmedia":[{"embeddable":true,"href":"https:\/\/www.glomeda.org\/index.php\/wp-json\/wp\/v2\/media\/2122"}],"wp:attachment":[{"href":"https:\/\/www.glomeda.org\/index.php\/wp-json\/wp\/v2\/media?parent=2121"}],"wp:term":[{"taxonomy":"category","embeddable":true,"href":"https:\/\/www.glomeda.org\/index.php\/wp-json\/wp\/v2\/categories?post=2121"},{"taxonomy":"post_tag","embeddable":true,"href":"https:\/\/www.glomeda.org\/index.php\/wp-json\/wp\/v2\/tags?post=2121"}],"curies":[{"name":"wp","href":"https:\/\/api.w.org\/{rel}","templated":true}]}}