{"id":185,"date":"2022-03-05T04:03:00","date_gmt":"2022-03-05T03:03:00","guid":{"rendered":"https:\/\/www.glomeda.org\/?p=185"},"modified":"2022-04-28T18:19:42","modified_gmt":"2022-04-28T16:19:42","slug":"insorgiamo-manifestazione-nazionale-gkn","status":"publish","type":"post","link":"https:\/\/www.glomeda.org\/index.php\/2022\/03\/05\/insorgiamo-manifestazione-nazionale-gkn\/","title":{"rendered":"Insorgiamo! Manifestazione nazionale Gkn"},"content":{"rendered":"\n<p><em>Il comunicato del Collettivo di fabbrica lavoratori Gkn e del Gruppo di supporto &#8220;Insorgiamo con i lavoratori Gkn&#8221;<\/em><\/p>\n\n\n\n<p><strong>Il #26marzo sar\u00e0 manifestazione nazionale.<\/strong><\/p>\n\n\n\n<p>Collettivo di fabbrica lavoratori GKN e Gruppo di Supporto &#8220;Insorgiamo con i lavoratori GKN&#8221; ci arrivano forti del miglior accordo possibile nel contesto dei rapporti di forza dato.<br>Un accordo che per\u00f3 siamo consapevoli essere ad oggi solo sulla carta e che potr\u00e1 essere fatto rispettare fino infondo solo dalla lotta: la fabbrica ad oggi \u00e9 ferma e la reindustrializzazione ancora incerta.<\/p>\n\n\n\n<p>Questa lotta fino ad oggi ha visto operai e solidali, ognuno al proprio posto e con il proprio ruolo, protagonisti di un cammino denso di spunti, dibattito, capacit\u00e0 di sintesi, cura pratica e politica di una fabbrica e della difesa di essa all&#8217;interno del contesto a cui essa appartiene: ai lavoratori e alle lavoratrici di questo territorio.<br>La nostra prospettiva ideale \u00e9 quella di imporre questo livello di mobilitazione anche sul piano politico generale e cos\u00ec facendo riuscire a farsi norma generale e a dare forza a questa come a tutte le altre vertenze aperte sul territorio nazionale.<\/p>\n\n\n\n<p>Il nocciolo della questione sono e rimangono i rapporti di forza.<\/p>\n\n\n\n<p>Abbiamo compreso che per incidervi dobbiamo aver la capacit\u00e0 di stimolare ed incentivare quella che abbiamo definito come convergenza cio\u00e8 l&#8217;aspirazione a non essere coincidenza, a non ritrovarsi soltanto come sommatoria di esperienze, ma tentare di trovare una sintesi possibile perch\u00e9 lo spazio politico, sociale e sindacale che abbiamo aperto si allarghi, diventi terreno calpestabile per tutti e tutte in termini di agibilit\u00e0 politica, legittimit\u00e0 e uscita dal minoritarismo in cui la controparte cerca sempre di ricacciarci.<\/p>\n\n\n\n<p>Il 26 marzo sar\u00e0 un momento importante per la costruzione di questo orizzonte.<br>Il 26 marzo per\u00f2 \u00e8 oggi.<br>Il 26 marzo \u00e8 ogni giorno che ci separa dal momento in cui il corteo si ritrover\u00e0 e si disporr\u00e0 nella piazza del concentramento.<\/p>\n\n\n\n<p>Ci\u00f2 si traduce in attivismo e protagonismo.<br>Abbiamo detto che non saremo noi a scrivere la piattaforma. Dovr\u00e0 essere scritta a \u201cmille mani e mille teste\u201d. Ognuno dovr\u00e0 scrivere la sua parte partendo dal proprio dibattito, dal proprio terreno d&#8217;interverto, dalla propria pratica e azione diretta.<\/p>\n\n\n\n<p>Noi vogliamo leggervi e ascoltarvi. Cos\u00ec tutti ci leggeremo e ci ascolteremo. Cos\u00ec inizieremo a metterci nelle condizioni di praticare la convergenza che dovr\u00e0 essere capacit\u00e0 di relazione tra spaccati diversi ed eterogenei del movimento e del movimento di classe ma sar\u00e0 anche selezione dialettica, selezione di pratiche e idee.<\/p>\n\n\n\n<p>Per questo chiediamo a tutte le realt\u00e0, le organizzazioni, le strutture, i collettivi, le RSU, i comitati e a tutte le esperienze politiche che convergeranno sul 26 marzo di rilanciare quella data, di divulgare il proprio appello e di farcelo pervenire direttamente all&#8217;indirizzo mail collettivo.gkn.firenze@gmail.com con oggetto &#8220;Piattaforma 26 marzo&#8221;.<\/p>\n\n\n\n<p>Questo per noi sar\u00e0 materiale su cui noi vogliamo lavorare per continuare questo cammino.<br>Non vogliamo pi\u00f9 esser cronaca, vogliamo essere storia. Non vogliamo pi\u00f9 esser raccontati ma vogliamo raccontarci. Iniziamo a farlo tra \u201cnoi\u201d e per \u201cnoi\u201d&#8230; un \u201cnoi\u201d tanto grande quanto la volont\u00e0 di ognuno di starci dentro!<\/p>\n\n\n\n<p><em>Collettivo di fabbrica lavoratori Gkn<br>Gruppo di supporto &#8220;Insorgiamo con i lavoratori Gkn&#8221;<\/em><\/p>\n\n\n\n<p><strong>#26marzo<\/strong>&nbsp;<strong>#insorgiamo<\/strong><\/p>\n","protected":false},"excerpt":{"rendered":"<p>Il comunicato del Collettivo di fabbrica lavoratori Gkn e del Gruppo di supporto &#8220;Insorgiamo con i lavoratori Gkn&#8221; Il #26marzo<\/p>\n","protected":false},"author":1,"featured_media":396,"comment_status":"closed","ping_status":"closed","sticky":false,"template":"","format":"standard","meta":{"colormag_page_container_layout":"default_layout","colormag_page_sidebar_layout":"default_layout","h5ap_radio_sources":[],"wp_social_preview_title":"","wp_social_preview_description":"","wp_social_preview_image":0,"footnotes":""},"categories":[61,7],"tags":[29,13],"class_list":["post-185","post","type-post","status-publish","format-standard","has-post-thumbnail","hentry","category-insorgiamo","category-lavoro","tag-insorgiamo","tag-lavoro"],"_links":{"self":[{"href":"https:\/\/www.glomeda.org\/index.php\/wp-json\/wp\/v2\/posts\/185","targetHints":{"allow":["GET"]}}],"collection":[{"href":"https:\/\/www.glomeda.org\/index.php\/wp-json\/wp\/v2\/posts"}],"about":[{"href":"https:\/\/www.glomeda.org\/index.php\/wp-json\/wp\/v2\/types\/post"}],"author":[{"embeddable":true,"href":"https:\/\/www.glomeda.org\/index.php\/wp-json\/wp\/v2\/users\/1"}],"replies":[{"embeddable":true,"href":"https:\/\/www.glomeda.org\/index.php\/wp-json\/wp\/v2\/comments?post=185"}],"version-history":[{"count":2,"href":"https:\/\/www.glomeda.org\/index.php\/wp-json\/wp\/v2\/posts\/185\/revisions"}],"predecessor-version":[{"id":188,"href":"https:\/\/www.glomeda.org\/index.php\/wp-json\/wp\/v2\/posts\/185\/revisions\/188"}],"wp:featuredmedia":[{"embeddable":true,"href":"https:\/\/www.glomeda.org\/index.php\/wp-json\/wp\/v2\/media\/396"}],"wp:attachment":[{"href":"https:\/\/www.glomeda.org\/index.php\/wp-json\/wp\/v2\/media?parent=185"}],"wp:term":[{"taxonomy":"category","embeddable":true,"href":"https:\/\/www.glomeda.org\/index.php\/wp-json\/wp\/v2\/categories?post=185"},{"taxonomy":"post_tag","embeddable":true,"href":"https:\/\/www.glomeda.org\/index.php\/wp-json\/wp\/v2\/tags?post=185"}],"curies":[{"name":"wp","href":"https:\/\/api.w.org\/{rel}","templated":true}]}}