{"id":175,"date":"2022-02-15T03:04:00","date_gmt":"2022-02-15T02:04:00","guid":{"rendered":"https:\/\/www.glomeda.org\/?p=175"},"modified":"2022-04-28T15:34:48","modified_gmt":"2022-04-28T13:34:48","slug":"questo-non-e-un-incidente-di-percorso","status":"publish","type":"post","link":"https:\/\/www.glomeda.org\/index.php\/2022\/02\/15\/questo-non-e-un-incidente-di-percorso\/","title":{"rendered":"Questo non \u00e8 un incidente di percorso"},"content":{"rendered":"\n<p><strong><em>Il comunicato di Student* in lotta Marche<\/em><\/strong><\/p>\n\n\n\n<p>C\u2019era un furgone, un ragazzo di 16 anni che stava facendo uno stage e un sistema che educa allo sfruttamento come unico modello di sviluppo. Ieri sera il furgone ha avuto un incidente, il ragazzo di 16 anni \u00e8 morto, il sistema \u00e8 ancora l\u00ec. <\/p>\n\n\n\n<p>Per l\u2019azienda il furgone \u00e8 una perdita da mettere a bilancio, per i media la morte di uno studente obbligato a lavorare a 16 anni \u00e8 una fatalit\u00e0, per il sistema tutto questo \u00e8 solo un errore di percorso.<\/p>\n\n\n\n<p>Noi siamo student*, prima che lavorator*, e questo riguarda anche ragazz* che frequentano istituti professionali. Noi dobbiamo imparare a conoscerci, prima di pensare al lavoro, e se dovessimo essere costretti a lavorare, pretendiamo di ricevere un adeguato compenso. <\/p>\n\n\n\n<p>Non tollereremo altre chiacchiere e inutile clamore: altr* prima di noi si sono battuti per annientare lo sfruttamento lavorativo, i PCTO vanno aboliti, non riformati. Dobbiamo essere noi a scegliere per il nostro futuro, in maniera consapevole; non possiamo permettere che siano altri a decidere, tanto meno dei parlamentari, peraltro troppo impegnati ad azzuffarsi e prendersi gioco delle nostre richieste.<\/p>\n\n\n\n<p>Vogliamo quello che ci spetta: ricevere una formazione tale da poter determinare il nostro presente e reinventare il nostro futuro!<\/p>\n\n\n\n<p>CI VEDIAMO VENERDI&#8217; 18 FEBBRAIO ORE 9.00 PIAZZA DEL POPOLO &#8211; FERMO<\/p>\n\n\n\n<p><em>STUDENT* IN LOTTA MARCHE<\/em><\/p>\n","protected":false},"excerpt":{"rendered":"<p>Il comunicato di Student* in lotta Marche C\u2019era un furgone, un ragazzo di 16 anni che stava facendo uno stage<\/p>\n","protected":false},"author":1,"featured_media":176,"comment_status":"closed","ping_status":"closed","sticky":false,"template":"","format":"standard","meta":{"colormag_page_container_layout":"default_layout","colormag_page_sidebar_layout":"default_layout","h5ap_radio_sources":[],"wp_social_preview_title":"","wp_social_preview_description":"","wp_social_preview_image":0,"footnotes":""},"categories":[62],"tags":[27,30],"class_list":["post-175","post","type-post","status-publish","format-standard","has-post-thumbnail","hentry","category-scuola-e-universita","tag-precarieta","tag-scuola"],"_links":{"self":[{"href":"https:\/\/www.glomeda.org\/index.php\/wp-json\/wp\/v2\/posts\/175","targetHints":{"allow":["GET"]}}],"collection":[{"href":"https:\/\/www.glomeda.org\/index.php\/wp-json\/wp\/v2\/posts"}],"about":[{"href":"https:\/\/www.glomeda.org\/index.php\/wp-json\/wp\/v2\/types\/post"}],"author":[{"embeddable":true,"href":"https:\/\/www.glomeda.org\/index.php\/wp-json\/wp\/v2\/users\/1"}],"replies":[{"embeddable":true,"href":"https:\/\/www.glomeda.org\/index.php\/wp-json\/wp\/v2\/comments?post=175"}],"version-history":[{"count":3,"href":"https:\/\/www.glomeda.org\/index.php\/wp-json\/wp\/v2\/posts\/175\/revisions"}],"predecessor-version":[{"id":184,"href":"https:\/\/www.glomeda.org\/index.php\/wp-json\/wp\/v2\/posts\/175\/revisions\/184"}],"wp:featuredmedia":[{"embeddable":true,"href":"https:\/\/www.glomeda.org\/index.php\/wp-json\/wp\/v2\/media\/176"}],"wp:attachment":[{"href":"https:\/\/www.glomeda.org\/index.php\/wp-json\/wp\/v2\/media?parent=175"}],"wp:term":[{"taxonomy":"category","embeddable":true,"href":"https:\/\/www.glomeda.org\/index.php\/wp-json\/wp\/v2\/categories?post=175"},{"taxonomy":"post_tag","embeddable":true,"href":"https:\/\/www.glomeda.org\/index.php\/wp-json\/wp\/v2\/tags?post=175"}],"curies":[{"name":"wp","href":"https:\/\/api.w.org\/{rel}","templated":true}]}}