{"id":169,"date":"2022-02-06T02:42:00","date_gmt":"2022-02-06T01:42:00","guid":{"rendered":"https:\/\/www.glomeda.org\/?p=169"},"modified":"2022-04-28T15:18:31","modified_gmt":"2022-04-28T13:18:31","slug":"26marzo-una-convergenza-che-fa-paura","status":"publish","type":"post","link":"https:\/\/www.glomeda.org\/index.php\/2022\/02\/06\/26marzo-una-convergenza-che-fa-paura\/","title":{"rendered":"#26Marzo Una convergenza che fa paura"},"content":{"rendered":"\n<p><\/p>\n\n\n\n<p>Ieri a Jesi una grande assemblea ha restituito il potenziale che la convergenza delle lotte potrebbe determinare nel paese in questo periodo storico complicato.<\/p>\n\n\n\n<p>All&#8217;assemblea di ieri al presidio in via Roncaglia, coorganizzata dal centro sociale TNT di Jesi, oltre al protagonismo degli operai <a href=\"https:\/\/www.facebook.com\/Caterpillar-senzatregua-110240754842860\/?__cft__[0]=AZWsB0B78bkpTGnZKK9zVlbDCaAdhtiLubhOQtmyxc6K_C3XYttW05BAuwC983mFNGVWXzUeEIteZ4b7hqG_FujewRMC9-Z-3vNLnDAbo43Oz6OlsnyXY6PZ5goGrXEWoVQXpsy35zmLR3z1-RKTaf0e&amp;__tn__=kK-R\">Caterpillar-senzatregua<\/a> e del <a href=\"https:\/\/www.facebook.com\/coordinamentogknfirenze\/?__cft__[0]=AZWsB0B78bkpTGnZKK9zVlbDCaAdhtiLubhOQtmyxc6K_C3XYttW05BAuwC983mFNGVWXzUeEIteZ4b7hqG_FujewRMC9-Z-3vNLnDAbo43Oz6OlsnyXY6PZ5goGrXEWoVQXpsy35zmLR3z1-RKTaf0e&amp;__tn__=kK-R\">Collettivo Di Fabbrica &#8211; Lavoratori Gkn Firenze<\/a>, sono stati importanti i contributi di precari, studenti e attiviste dei movimenti per il clima, non solo come semplice testimonianza di solidariet\u00e0 ma per la volont\u00e0 comune di attivarsi insieme contro lo sfruttamento economico, sociale e ambientale.<\/p>\n\n\n\n<p>Pi\u00f9 volte nel corso dell&#8217;assemblea \u00e8 emersa la volont\u00e0 di unirsi nella manifestazione del 26 marzo a Firenze che non sar\u00e0 semplice sommatoria delle diverse istanze ma appunto vera convergenza:<\/p>\n\n\n\n<p>\u201cNon scriveremo \u201cscuola\u201d perch\u00e9 si tengano liberi studenti, genitori, insegnanti e personale ATA. Non scriveremo \u201csanit\u00e0\u201d perch\u00e9 si tengano liberi infermieri e barellieri. Non scriveremo \u201cambiente\u201d perch\u00e9 si tengano liberi i compagni e le compagne che si battono per la giustizia climatica. Non scriveremo \u201cdiritti civili\u201d o \u201ctransfemminismo\u201d perch\u00e9 si tengano libere tutte coloro che gi\u00e0 scenderanno in strada l&#8217;8 marzo. Non scriveremo \u201crepressione\u201d o \u201clotta alla sorveglianza speciale\u201d perch\u00e9 in piazza si manifesti la solidariet\u00e0. Non scriveremo \u201cantifascismo\u201d perch\u00e9 gli antifascisti si mobilitino. Non lo scriveremo perch\u00e9 lo scriverete voi.\u201d<\/p>\n\n\n\n<p>Queste righe provengono dall&#8217;appello alla mobilitazione lanciato dai lavoratori GKN, al quale aderiamo con entusiasmo. La consideriamo un&#8217;occasione importantissima ed intendiamo scrivere la nostra parte come abbiamo gi\u00e0 iniziato a fare da tempo, nelle lotte alla precariet\u00e0, alle ingiustizie sociali, ai cambiamenti climatici e alle discriminazioni.<\/p>\n\n\n\n<p>#Senzatregua #Insorgiamo<\/p>\n","protected":false},"excerpt":{"rendered":"<p>Ieri a Jesi una grande assemblea ha restituito il potenziale che la convergenza delle lotte potrebbe determinare nel paese in<\/p>\n","protected":false},"author":1,"featured_media":170,"comment_status":"closed","ping_status":"closed","sticky":false,"template":"","format":"standard","meta":{"colormag_page_container_layout":"default_layout","colormag_page_sidebar_layout":"default_layout","h5ap_radio_sources":[],"wp_social_preview_title":"","wp_social_preview_description":"","wp_social_preview_image":0,"footnotes":""},"categories":[61,7,60],"tags":[9,29,28],"class_list":["post-169","post","type-post","status-publish","format-standard","has-post-thumbnail","hentry","category-insorgiamo","category-lavoro","category-vertenza-caterpillar","tag-caterpillar","tag-insorgiamo","tag-senzatregua"],"_links":{"self":[{"href":"https:\/\/www.glomeda.org\/index.php\/wp-json\/wp\/v2\/posts\/169","targetHints":{"allow":["GET"]}}],"collection":[{"href":"https:\/\/www.glomeda.org\/index.php\/wp-json\/wp\/v2\/posts"}],"about":[{"href":"https:\/\/www.glomeda.org\/index.php\/wp-json\/wp\/v2\/types\/post"}],"author":[{"embeddable":true,"href":"https:\/\/www.glomeda.org\/index.php\/wp-json\/wp\/v2\/users\/1"}],"replies":[{"embeddable":true,"href":"https:\/\/www.glomeda.org\/index.php\/wp-json\/wp\/v2\/comments?post=169"}],"version-history":[{"count":1,"href":"https:\/\/www.glomeda.org\/index.php\/wp-json\/wp\/v2\/posts\/169\/revisions"}],"predecessor-version":[{"id":171,"href":"https:\/\/www.glomeda.org\/index.php\/wp-json\/wp\/v2\/posts\/169\/revisions\/171"}],"wp:featuredmedia":[{"embeddable":true,"href":"https:\/\/www.glomeda.org\/index.php\/wp-json\/wp\/v2\/media\/170"}],"wp:attachment":[{"href":"https:\/\/www.glomeda.org\/index.php\/wp-json\/wp\/v2\/media?parent=169"}],"wp:term":[{"taxonomy":"category","embeddable":true,"href":"https:\/\/www.glomeda.org\/index.php\/wp-json\/wp\/v2\/categories?post=169"},{"taxonomy":"post_tag","embeddable":true,"href":"https:\/\/www.glomeda.org\/index.php\/wp-json\/wp\/v2\/tags?post=169"}],"curies":[{"name":"wp","href":"https:\/\/api.w.org\/{rel}","templated":true}]}}