{"id":1371,"date":"2023-02-06T15:49:15","date_gmt":"2023-02-06T14:49:15","guid":{"rendered":"https:\/\/www.glomeda.org\/?p=1371"},"modified":"2023-02-08T15:05:04","modified_gmt":"2023-02-08T14:05:04","slug":"guerre-e-porti-la-parola-a-chi-lotta","status":"publish","type":"post","link":"https:\/\/www.glomeda.org\/index.php\/2023\/02\/06\/guerre-e-porti-la-parola-a-chi-lotta\/","title":{"rendered":"Guerre e porti. La parola a chi lotta"},"content":{"rendered":"\n<h6 class=\"wp-block-heading\"><strong><em>Intervista &#8211; Verso la manifestazione del 25 febbraio il collettivo autonomo lavoratori portuali di Genova si racconta. <\/em><\/strong><\/h6>\n\n\n\n<p><\/p>\n\n\n\n<p><strong>Che cos\u2019\u00e8 il Calp? Quando e perch\u00e9 nasce?<\/strong><\/p>\n\n\n\n<p>Il Calp, collettivo autonomo lavoratori portuali, nasce nell\u2019ottobre 2011 dopo le importanti manifestazioni di quel periodo. In quel momento si \u00e8 posto un preciso problema sindacale, ma pi\u00f9 in generale politico. All\u2019epoca eravamo tutti iscritti alla Cgil e il problema che ponemmo era quello di avere un dialogo e delle relazioni maggiormente strutturate con altre realt\u00e0 di lavoratori, nonostante molti di noi erano delegati sindacali, rappresentanti di Rsa e di Rsu.&nbsp;<\/p>\n\n\n\n<p>Il problema principale era legato alla struttura piramidale e burocratica della Cgil che impediva, di fatto, gli attivi dei delegati, o comunque li rimandava a tempi molto lunghi, anche per problematiche che dovevano essere affrontate rapidamente.&nbsp;<\/p>\n\n\n\n<p>In quel periodo, comunque, rimaniamo ancora nell\u2019ambito Cgil, ma con la creazione del Calp riusciamo ad uscire dalla logica meramente concertativa del sindacato e a portare avanti diverse lotte all\u2019interno del porto di Genova.&nbsp;&nbsp;<\/p>\n\n\n\n<p><strong>Quando e come avete iniziato il monitoraggio al porto di Genova delle navi con carichi di armi o comunque di tecnologia e logistica bellica in generale?<\/strong><\/p>\n\n\n\n<p>Il primo approccio con quella che era la problematica della armi in porto lo abbiamo avuto nel 2014. In particolare c\u2019\u00e8 stato un episodio che ha attirato la nostra attenzione. Dovevamo caricare un centinaio di pick up bianchi su un traghetto che era diretto prima a Barcellona e poi a Tangeri. Quello che ci ha \u201cincuriosito\u201d e poi insospettito \u00e8 stato l\u2019alto numero di mezzi, tutti uguali, stoccati per diverse settimane al porto. Abbiamo ragionato su questa anomalia, per\u00f2, non le abbiamo dato un peso enorme l\u00ec per l\u00ec.<\/p>\n\n\n\n<p>Successivamente, invece, a distanza di tre mesi ci sono stati due fatti importanti. Il primo \u00e8 stato un comunicato stampa dell\u2019Autorit\u00e0 Portuale di Genova in cui \u201cdenunciava\u201d il fatto che la compagnia&nbsp; saudita Bahri entrava in porto con un carico d\u2019armi che non era stato segnalato all\u2019autorit\u00e0 competenti. Il problema, a loro modo di vedere, era la mancanza della segnalazione, non il transito d\u2019armi.<\/p>\n\n\n\n<p>Il secondo fatto \u00e8 un articolo di un giornalista che denuncia che di ritorno dalle zone di guerra in Libia parte degli stessi pick up di cui parlavamo sopra, tornavano al porto di Genova per problemi tecnici al motore.<\/p>\n\n\n\n<p>Dopo diversi mesi ancora, la prova definitiva del passaggio di materiale ad uso bellico dal porto, la troviamo in un video su you tube di combattimenti in Libia in cui si vedono quei pick up in cui sono montate delle mitragliatrici. Li riconosciamo come gli stessi passati dal porto perch\u00e9 sul parabrezza avevano ancora l\u2019adesivo che noi stessi gli avevamo attaccato per indirizzare i mezzi sui vari traghetti.&nbsp;<\/p>\n\n\n\n<p>Da questo momento abbiamo iniziato una campagna di monitoraggio e denuncia del transito d\u2019armi nel porto, fino ad arrivare al 2019.<\/p>\n\n\n\n<p><strong>Il 2019, anno in cui c\u2019\u00e8 stato il primo vero blocco di una nave carica di armi. E\u2019 cos\u00ec?&nbsp;<\/strong><\/p>\n\n\n\n<p>S\u00ec. Grazie ai portuali di Le Havre, veniamo a sapere che la compagnia saudita Bahri avrebbe fatto scalo a Genova con armamenti diretti in Yemen, in piena guerra civile. Tra le altre cose, l\u2019Arabia Saudita, attore protagonista in quella guerra, era stata inserita nella \u201cblack list\u201d dei paesi che non rispettano le convenzioni internazionali nei conflitti.&nbsp;<\/p>\n\n\n\n<p><strong>Che cosa decidete di fare?&nbsp;<\/strong><\/p>\n\n\n\n<p>La prima cosa che facciamo sono una serie di assemblee pubbliche in cui diciamo chiaramente che se la nave arriver\u00e0 in porto noi avremmo dichiarato sciopero e bloccato il bastimento.<\/p>\n\n\n\n<p>Nelle settimane successive, i tempi di navigazione e di attracco di queste navi sono molto lunghi, scopriamo che in porto sono presenti, pronti per essere caricati, generatori di corrente di un\u2019azienda laziale chiamata Teknel, specializzata in generatori per alimentare droni da combattimento e artiglieria da campo. Questi generatori erano fatti passare come merce ad uso civile, che ha un prezzo di circa cinque volte minore della merce ad uso militare. Tutto questo, da un lato giuridico e politico, violava apertamente la Costituzione e la Legge 185 del 1990,<em>\u201d<\/em> e da un altro lato, economico e commerciale, truffava le parti capitalistiche in causa nel commercio marittimo. Questi sono problemi loro per\u00f2.<\/p>\n\n\n\n<p>&nbsp;Denunciamo questa situazione all\u2019Autorit\u00e0 Portuale che se in un primo momento porta avanti controlli e verifiche in modo autonomo, che concordano con le nostre denunce, allo stesso tempo non nega l\u2019ingresso in porto alla compagnia Bahri.&nbsp;&nbsp;&nbsp;<\/p>\n\n\n\n<p><strong>A questo punto, con l\u2019ingresso in porto della nave, che succede?<\/strong><\/p>\n\n\n\n<p>Quel giorno organizziamo, insieme a realt\u00e0 sociali e politiche, pacifiste ed anti-militariste, una mobilitazione fuori dalla banchina d\u2019accesso, ovvero dentro al porto, ma subito prima dello sbocco a mare. Noi, come lavoratori, rifiutiamo di caricare la merce bellica sulla nave. Dopo un po\u2019 di <em>bulesume<\/em>, casino in dialetto genovese, otteniamo che la merce non venga caricata. Nelle settimane successive la compagnia Bahri comunica il rifiuto dell\u2019imbarco di quella merce per problematiche politiche al porto di Genova che rallentano le operazioni portuali. Di fatto noi otteniamo che i portuali non avrebbero pi\u00f9 caricato armamenti diretti in teatri di guerra \u201csporchi\u201d. Avevamo vinto.&nbsp;<\/p>\n\n\n\n<p><strong>Dal 2019 in poi come prosegue la lotta ai carichi di armi in porto?<\/strong><\/p>\n\n\n\n<p>Cambiamo piano, nel senso che oltre ad altri blocchi che abbiamo fatto negli anni successivi, iniziamo un lavoro pi\u00f9 articolato, dove denunciamo, politicamente e pubblicamente, che le autorit\u00e0 competenti non rispettano nessuna norma in materia di compravendita, distribuzione, spostamento e transito di armamenti e materiale bellico. Le risposte dell\u2019Autorit\u00e0 Portuale e della Prefettura sono state tanto evasive quanto ridicole. La prima, lo sbirro del porto, sostiene che non le compete l\u2019applicazione della legge sulle merci, la seconda sostiene che non essendoci un\u2019 operazione doganale tra nave e banchina la responsabilit\u00e0 non \u00e8 loro. L\u2019assurdit\u00e0 di queste risposte \u00e8 sotto gli occhi di tutti. Basta pensare alle barche con i migranti che arrivano nei porti italiani. Nel caso delle armi, per\u00f2, gli interessi economici e politici sono talmente forti che nessuno si prende la responsabilit\u00e0 di controllare.&nbsp;&nbsp;&nbsp;&nbsp;<\/p>\n\n\n\n<p><strong>25 febbraio 2023. Perch\u00e9 il lancio di questa manifestazione?<\/strong><\/p>\n\n\n\n<p>Il lancio di questa manifestazione \u00e8 legato, prima di tutto, alla questione della guerra in Ucraina. Noi non facciamo un ragionamento campista ovviamente, ma cerchiamo di fare un discorso pi\u00f9 complesso e complessivo che parta dalle ricadute sociali e politiche della guerra sul nostro paese, dal punto di vista, prima di tutto, dei soggetti sociali di classe. Vogliamo ribadire, prima di tutto, come le scelte in materia economica dei vari governi, da Draghi a Meloni, sono totalmente subordinate all\u2019interesse bellico della Nato. Negli anni non c\u2019\u00e8 stata nessuna politica di redistribuzione della ricchezza, aumento dei salari, tutela e espansione del welfare perch\u00e9, ci dicevano, non ci sono i soldi. Per la guerra, il riarmo e l\u2019industria bellica i soldi, invece, ci sono e ce ne sono tanti.&nbsp;&nbsp;<\/p>\n\n\n\n<p>A noi sembra, inoltre, che sia in atto un pericoloso innalzamento del conflitto. La discussione nel governo italiano se spostare i sistemi missilistici anti aerei in zona ucraina \u00e8 un segnale molto preoccupante. Allo stesso modo le scelte del governo tedesco di spostare i carri armati Leopard dalla Polonia all\u2019Ucraina.<\/p>\n\n\n\n<p><strong>Quali sono gli obiettivi di questa manifestazione?<\/strong><\/p>\n\n\n\n<p>Vogliamo tentare di ricreare un movimento contro la guerra,che ovviamente non sia incentrato su Genova, ma pensiamo che oggi questa citt\u00e0 sia simbolica da questo punto di vista, che sia in grado di essere incisivo rispetto alle scelte scellerate dei governi e della classe politica in tema di guerra. Vogliamo anche dare una risposta al fatto che il porto di Genova non pu\u00f2 rimanere in questa zona grigia dove si continua a commerciare a trasportare armi come se fosse un posto estraneo alla citt\u00e0. Vogliamo fare una mobilitazione dentro al porto perch\u00e9 si sappia cosa succede l\u00e0 dentro.<\/p>\n\n\n\n<p>Vogliamo che il 25 febbraio sia la partenza di un percorso.&nbsp;<\/p>\n","protected":false},"excerpt":{"rendered":"<p>Intervista &#8211; Verso la manifestazione del 25 febbraio il collettivo autonomo lavoratori portuali di Genova si racconta. Che cos\u2019\u00e8 il<\/p>\n","protected":false},"author":1,"featured_media":1372,"comment_status":"closed","ping_status":"closed","sticky":false,"template":"","format":"standard","meta":{"colormag_page_container_layout":"default_layout","colormag_page_sidebar_layout":"default_layout","h5ap_radio_sources":[],"wp_social_preview_title":"","wp_social_preview_description":"","wp_social_preview_image":0,"footnotes":""},"categories":[58,8,7],"tags":[32],"class_list":["post-1371","post","type-post","status-publish","format-standard","has-post-thumbnail","hentry","category-guerra-in-ucraina","category-in-evidenza","category-lavoro","tag-no-war"],"_links":{"self":[{"href":"https:\/\/www.glomeda.org\/index.php\/wp-json\/wp\/v2\/posts\/1371","targetHints":{"allow":["GET"]}}],"collection":[{"href":"https:\/\/www.glomeda.org\/index.php\/wp-json\/wp\/v2\/posts"}],"about":[{"href":"https:\/\/www.glomeda.org\/index.php\/wp-json\/wp\/v2\/types\/post"}],"author":[{"embeddable":true,"href":"https:\/\/www.glomeda.org\/index.php\/wp-json\/wp\/v2\/users\/1"}],"replies":[{"embeddable":true,"href":"https:\/\/www.glomeda.org\/index.php\/wp-json\/wp\/v2\/comments?post=1371"}],"version-history":[{"count":1,"href":"https:\/\/www.glomeda.org\/index.php\/wp-json\/wp\/v2\/posts\/1371\/revisions"}],"predecessor-version":[{"id":1373,"href":"https:\/\/www.glomeda.org\/index.php\/wp-json\/wp\/v2\/posts\/1371\/revisions\/1373"}],"wp:featuredmedia":[{"embeddable":true,"href":"https:\/\/www.glomeda.org\/index.php\/wp-json\/wp\/v2\/media\/1372"}],"wp:attachment":[{"href":"https:\/\/www.glomeda.org\/index.php\/wp-json\/wp\/v2\/media?parent=1371"}],"wp:term":[{"taxonomy":"category","embeddable":true,"href":"https:\/\/www.glomeda.org\/index.php\/wp-json\/wp\/v2\/categories?post=1371"},{"taxonomy":"post_tag","embeddable":true,"href":"https:\/\/www.glomeda.org\/index.php\/wp-json\/wp\/v2\/tags?post=1371"}],"curies":[{"name":"wp","href":"https:\/\/api.w.org\/{rel}","templated":true}]}}