{"id":1348,"date":"2021-04-02T20:57:00","date_gmt":"2021-04-02T18:57:00","guid":{"rendered":"https:\/\/www.glomeda.org\/?p=1348"},"modified":"2023-01-30T20:58:07","modified_gmt":"2023-01-30T19:58:07","slug":"la-prossima-volta-il-fuoco-fandango-libri","status":"publish","type":"post","link":"https:\/\/www.glomeda.org\/index.php\/2021\/04\/02\/la-prossima-volta-il-fuoco-fandango-libri\/","title":{"rendered":"\u201cLa prossima volta il fuoco\u201d, Fandango Libri"},"content":{"rendered":"\n<p>di:\u00a0Michele Petrucci<\/p>\n\n\n\n<p><strong>&nbsp;\u201cQuando credevo di esser perduto, la mia prigione trem\u00f2 e caddero le catene\u201d<\/strong><\/p>\n\n\n\n<p>1 Gennaio&nbsp; 186 l. Proclamazione dell\u2019emancipazione e fine della schiavit\u00f9 firmata da Lincoln.<\/p>\n\n\n\n<p>Per \u201cfesteggiare\u201d il centenario della fine dello schiavismo l\u2019autore scrive due lettere al suo nipote omonimo.<\/p>\n\n\n\n<p>La prima lettera strappa la maschera al sistema americano per squarciare la finzione del sogno liberale dove tutti hanno una possibilit\u00e0 di riuscire.<\/p>\n\n\n\n<blockquote class=\"wp-block-quote is-layout-flow wp-block-quote-is-layout-flow\"><p>\u201cQuesto paese innocente ti ha confinato in un ghetto ,e in questo ghetto \u00e8 stabilito che tu marcisca. Sar\u00f2 pi\u00f9 preciso, perch\u00e9 qui \u00e8 l\u2019origine della polemica mia col mio paese: tu sei nato dove sei nato e hai di fronte a te il tuo futuro che hai perch\u00e9 sei nero, per questa e per nessun\u2019altra ragione.\u201d<\/p><\/blockquote>\n\n\n\n<p>L\u2019autore esorta il nipote ad non avere paura del sistema politico razzista americano, al contrario, lo incoraggia a lottare perch\u00e9 l\u2019ideale di libert\u00e0 ed uguaglianza dei popoli non tradisce \u201c<em>come il sistema dei bianchi<\/em>\u201c.<\/p>\n\n\n\n<p><strong>Al massimo potranno ucciderti o mandarti in galera.<\/strong><\/p>\n\n\n\n<p>La seconda lettera \u00e8 una feroce critica alle religioni sia quella cristiana sia quella musulmana.<\/p>\n\n\n\n<p>Nella prima parte si racconta la sua esperienza di predicatore cattolico ad Harlem ed i motivi e le cause del suo avvicinamento prima e allontanamento in seguito dalla religione.<\/p>\n\n\n\n<p>La seconda parte si apre con l\u2019incontro ed il confronto con Elijah Muhammad, fondatore del&nbsp;<em>Nation of Islam<\/em>.<\/p>\n\n\n\n<p>L\u2019opera, ristampata a quasi sessant\u2019anni dalla sua prima edizione, offre spunti di riflessione su quello che \u00e8 stata la segregazione razziale negli Stati Uniti.<\/p>\n\n\n\n<p>Segregazione che non \u00e8 un fatto storico da studiare con distacco, ma, come l\u2019autore esorta, ieri come oggi va riconosciuta e combattuta nei sistemi democratici.<\/p>\n\n\n\n<p><strong>Un libro assolutamente attuale che ci rivela molte cose del nostro presente, negli Stati Uniti come in Europa.<\/strong><\/p>\n\n\n\n<div class=\"wp-block-media-text alignwide is-stacked-on-mobile\" style=\"grid-template-columns:19% auto\"><figure class=\"wp-block-media-text__media\"><img loading=\"lazy\" decoding=\"async\" width=\"331\" height=\"520\" src=\"https:\/\/www.glomeda.org\/wp-content\/uploads\/2023\/01\/la-prossima-volta-il-fuoco-1.jpg\" alt=\"\" class=\"wp-image-1349 size-full\" srcset=\"https:\/\/www.glomeda.org\/wp-content\/uploads\/2023\/01\/la-prossima-volta-il-fuoco-1.jpg 331w, https:\/\/www.glomeda.org\/wp-content\/uploads\/2023\/01\/la-prossima-volta-il-fuoco-1-95x150.jpg 95w\" sizes=\"auto, (max-width: 331px) 100vw, 331px\" \/><\/figure><div class=\"wp-block-media-text__content\">\n<h3 class=\"wp-block-heading\"><a href=\"https:\/\/www.bookdealer.it\/goto\/9788860446503\/436\">La prossima volta il fuoco<\/a><\/h3>\n\n\n\n<ul class=\"wp-block-list\"><li>Autore:&nbsp;<a href=\"https:\/\/www.bookdealer.it\/libri\/4\/Baldwin%20James\/autore\">Baldwin James<\/a><\/li><li>Editore:&nbsp;<a href=\"https:\/\/www.bookdealer.it\/libri\/5\/203809\/fandango-libri\">Fandango Libri<\/a><\/li><li>Isbn:&nbsp;9788860446503<\/li><li>Categoria:&nbsp;Letterature straniere: testi<\/li><li>Traduttore:&nbsp;Veraldi A.<\/li><li>Numero pagine:&nbsp;118<\/li><li>Data di Uscita:&nbsp;20\/02\/2020<\/li><\/ul>\n<\/div><\/div>\n","protected":false},"excerpt":{"rendered":"<p>di:\u00a0Michele Petrucci &nbsp;\u201cQuando credevo di esser perduto, la mia prigione trem\u00f2 e caddero le catene\u201d 1 Gennaio&nbsp; 186 l. Proclamazione<\/p>\n","protected":false},"author":1,"featured_media":1351,"comment_status":"closed","ping_status":"closed","sticky":false,"template":"","format":"standard","meta":{"colormag_page_container_layout":"default_layout","colormag_page_sidebar_layout":"default_layout","h5ap_radio_sources":[],"wp_social_preview_title":"","wp_social_preview_description":"","wp_social_preview_image":0,"footnotes":""},"categories":[18,124],"tags":[130,143,144,125],"class_list":["post-1348","post","type-post","status-publish","format-standard","has-post-thumbnail","hentry","category-libri-film","category-recensioni","tag-barricate-di-carta","tag-fandango","tag-michele-petrucci","tag-recensioni"],"_links":{"self":[{"href":"https:\/\/www.glomeda.org\/index.php\/wp-json\/wp\/v2\/posts\/1348","targetHints":{"allow":["GET"]}}],"collection":[{"href":"https:\/\/www.glomeda.org\/index.php\/wp-json\/wp\/v2\/posts"}],"about":[{"href":"https:\/\/www.glomeda.org\/index.php\/wp-json\/wp\/v2\/types\/post"}],"author":[{"embeddable":true,"href":"https:\/\/www.glomeda.org\/index.php\/wp-json\/wp\/v2\/users\/1"}],"replies":[{"embeddable":true,"href":"https:\/\/www.glomeda.org\/index.php\/wp-json\/wp\/v2\/comments?post=1348"}],"version-history":[{"count":2,"href":"https:\/\/www.glomeda.org\/index.php\/wp-json\/wp\/v2\/posts\/1348\/revisions"}],"predecessor-version":[{"id":1352,"href":"https:\/\/www.glomeda.org\/index.php\/wp-json\/wp\/v2\/posts\/1348\/revisions\/1352"}],"wp:featuredmedia":[{"embeddable":true,"href":"https:\/\/www.glomeda.org\/index.php\/wp-json\/wp\/v2\/media\/1351"}],"wp:attachment":[{"href":"https:\/\/www.glomeda.org\/index.php\/wp-json\/wp\/v2\/media?parent=1348"}],"wp:term":[{"taxonomy":"category","embeddable":true,"href":"https:\/\/www.glomeda.org\/index.php\/wp-json\/wp\/v2\/categories?post=1348"},{"taxonomy":"post_tag","embeddable":true,"href":"https:\/\/www.glomeda.org\/index.php\/wp-json\/wp\/v2\/tags?post=1348"}],"curies":[{"name":"wp","href":"https:\/\/api.w.org\/{rel}","templated":true}]}}