{"id":1273,"date":"2018-01-15T21:07:00","date_gmt":"2018-01-15T20:07:00","guid":{"rendered":"https:\/\/www.glomeda.org\/?p=1273"},"modified":"2023-01-23T21:09:03","modified_gmt":"2023-01-23T20:09:03","slug":"john-reed-e-i-dieci-giorni-che-sconvolsero-il-mondo-ne-parliamo-con-massimo-raffaeli","status":"publish","type":"post","link":"https:\/\/www.glomeda.org\/index.php\/2018\/01\/15\/john-reed-e-i-dieci-giorni-che-sconvolsero-il-mondo-ne-parliamo-con-massimo-raffaeli\/","title":{"rendered":"John Reed e \u201cI dieci giorni che sconvolsero il mondo\u201c. Ne parliamo con MASSIMO RAFFAELI."},"content":{"rendered":"\n<p>Esiste un modo non retorico, non ideologico per raccontare l\u2019evento che segna il XX secolo? Sono passati cento anni da quando un uomo con gli occhi da tartaro e il suo partito, guidarono la pi\u00f9 famosa delle rivoluzioni, quella sovietica.<\/p>\n\n\n\n<p>Celebrare questa ricorrenza \u00e8 per noi un dovere. \u00c8 la nostra storia. \u00c8 anche la nostra storia.<\/p>\n\n\n\n<p>Celebrarla senza condanne o apologie. Isolare l\u2019evento, quello rivoluzionario, coglierne gli aspetti storici, letterari e politici attraverso la pi\u00f9 famosa delle testimonianze, quella del giornalista americano John Reed.<\/p>\n\n\n\n<p>Con l\u2019aiuto del critico letterario MASSIMO RAFFAELI, leggeremo, commenteremo e rifletteremo su quei dieci giorni che sconvolsero il mondo.<\/p>\n\n\n\n<p>Ecco il video dell\u2019intervento di Raffaeli durante la presentazione allo&nbsp;<a href=\"http:\/\/www.arvultura.it\/\">Spazio Autogestito Arvultura<\/a>, Senigallia.<\/p>\n\n\n\n<p>Buona visione!<\/p>\n\n\n\n<figure class=\"wp-block-embed is-type-video is-provider-youtube wp-block-embed-youtube wp-embed-aspect-16-9 wp-has-aspect-ratio\"><div class=\"wp-block-embed__wrapper\">\n<iframe loading=\"lazy\" title=\"La Rivoluzione in un libro. Incontro con M. Raffaeli\" width=\"800\" height=\"450\" src=\"https:\/\/www.youtube.com\/embed\/oBcTlxnSS9c?feature=oembed\" frameborder=\"0\" allow=\"accelerometer; autoplay; clipboard-write; encrypted-media; gyroscope; picture-in-picture; web-share\" allowfullscreen><\/iframe>\n<\/div><\/figure>\n","protected":false},"excerpt":{"rendered":"<p>Esiste un modo non retorico, non ideologico per raccontare l\u2019evento che segna il XX secolo? Sono passati cento anni da<\/p>\n","protected":false},"author":1,"featured_media":0,"comment_status":"closed","ping_status":"closed","sticky":false,"template":"","format":"standard","meta":{"colormag_page_container_layout":"default_layout","colormag_page_sidebar_layout":"default_layout","h5ap_radio_sources":[],"wp_social_preview_title":"","wp_social_preview_description":"","wp_social_preview_image":0,"footnotes":""},"categories":[18],"tags":[130,121,131],"class_list":["post-1273","post","type-post","status-publish","format-standard","hentry","category-libri-film","tag-barricate-di-carta","tag-presentazione","tag-video"],"_links":{"self":[{"href":"https:\/\/www.glomeda.org\/index.php\/wp-json\/wp\/v2\/posts\/1273","targetHints":{"allow":["GET"]}}],"collection":[{"href":"https:\/\/www.glomeda.org\/index.php\/wp-json\/wp\/v2\/posts"}],"about":[{"href":"https:\/\/www.glomeda.org\/index.php\/wp-json\/wp\/v2\/types\/post"}],"author":[{"embeddable":true,"href":"https:\/\/www.glomeda.org\/index.php\/wp-json\/wp\/v2\/users\/1"}],"replies":[{"embeddable":true,"href":"https:\/\/www.glomeda.org\/index.php\/wp-json\/wp\/v2\/comments?post=1273"}],"version-history":[{"count":1,"href":"https:\/\/www.glomeda.org\/index.php\/wp-json\/wp\/v2\/posts\/1273\/revisions"}],"predecessor-version":[{"id":1274,"href":"https:\/\/www.glomeda.org\/index.php\/wp-json\/wp\/v2\/posts\/1273\/revisions\/1274"}],"wp:attachment":[{"href":"https:\/\/www.glomeda.org\/index.php\/wp-json\/wp\/v2\/media?parent=1273"}],"wp:term":[{"taxonomy":"category","embeddable":true,"href":"https:\/\/www.glomeda.org\/index.php\/wp-json\/wp\/v2\/categories?post=1273"},{"taxonomy":"post_tag","embeddable":true,"href":"https:\/\/www.glomeda.org\/index.php\/wp-json\/wp\/v2\/tags?post=1273"}],"curies":[{"name":"wp","href":"https:\/\/api.w.org\/{rel}","templated":true}]}}